{"id":1396,"date":"2025-09-17T17:36:01","date_gmt":"2025-09-17T17:36:01","guid":{"rendered":"https:\/\/thejobsdigger.com\/?p=1396"},"modified":"2025-09-17T17:37:56","modified_gmt":"2025-09-17T17:37:56","slug":"cow-feed-rec-aldi-germany-jobs","status":"publish","type":"post","link":"https:\/\/thejobsdigger.com\/pt\/cow-feed-rec-aldi-germany-jobs\/","title":{"rendered":"Recomenda\u00e7\u00e3o TJD \u2013 empregos ALDI Alemanha"},"content":{"rendered":"<!--landing--><div class=\"wp-block-lazyblock-landing-page-variant lazyblock-landing-page-variant-1VEuCm\"><div id=\"landing\" style=\"\" class=\"mb-40\">\n  <section class=\"text-gray-600 body-font border-gray-200 sm:border-0\">\n    <div style=\"max-width: 850px;\" class=\"sm:pt-6 mx-auto block\">\n      <div class=\"text-center py-3 px-5\">\n        <p data-av-subtitle class=\"leading-relaxed sm:w-3\/4 mx-auto mb-0\">\n          As oportunidades na ALDI Alemanha est\u00e3o abertas, mas n\u00e3o por muito tempo.        <\/p>\n      <\/div>\n\n              <section id=\"half\" class=\"text-gray-600 body-font border-gray-200 sm:border-0\">\n          <h4 class=\"pt-3 text-center text-gray-900 text-2xl title-font font-medium px-5 mb-12\">\n            A quest\u00e3o \u00e9: voc\u00ea vai agir agora ou deixar essa oportunidade escapar?          <\/h4>\n          <div id=\"tjd_top_wrapper\" style=\"height:600px;\" align=\"center\" class=\"w-full border-gray-200 border-b mt-8 mb-8 pb-5\">\n    <div align=\"center\" style=\"position: sticky; top: 120px;\" class=\"w-full\">\n                  <p style=\"font-size: 10px;\" class=\"uppercase text-center\">\n            An\u00fancios          <\/p>\n                <div id=\"tjd_top\" >\n        <\/div>\n    <\/div>\n<\/div>\n          <p class=\"sm:hidden pb-2 text-center sm:text-left leading-relaxed px-5\">\n              As vagas na ALDI Alemanha est\u00e3o em alta demanda e podem ser preenchidas rapidamente. Quem garantir sua candidatura agora ter\u00e1 mais chances de ingressar em uma das empresas mais respeitadas do setor. N\u00e3o espere at\u00e9 que seja tarde demais.          <\/p>\n          \n          <div class=\"sm:hidden sm:px-0 py-6 mx-auto px-5\">\n            <div class=\"w-full mx-auto flex flex-wrap\">\n                              <a class=\"mx-auto block\" href=\"https:\/\/thejobsdigger.com\/pt\/aldi-germany-jobs\/\" data-analytics-label=\"landingPageImage\" data-action=\"analytics#trackCTA\">\n                  <img decoding=\"async\" loading=\"lazy\" alt=\"card\" style=\"height: 190px;\" class=\"w-full h-64 object-cover object-center rounded border-gray-100 border-2\" src=\"https:\/\/thejobsdigger.com\/wp-content\/uploads\/2025\/09\/ALDI_Dia01_Shot08_00921_final_alta-scaled.jpg\">\n                <\/a>\n                                          <div class=\"lg:w-3\/5 w-full lg:pl-6 mt-6 lg:mt-0\">\n                                  <div class=\"flex\">\n                    <a class=\"flex text-white no-underline mt-10 m-auto sm:mr-0 sm:ml-auto\" href=\"https:\/\/thejobsdigger.com\/pt\/aldi-germany-jobs\/\"  data-analytics-label=\"landingPageFirstButton\" data-action=\"analytics#trackCTA\">\n                      <button id=\"landing-first\" class=\"text-white flex m-auto sm:mr-0 sm:ml-auto border-0 py-2 px-8 text-lg focus:outline-none rounded\">\n                        VEJA COMO SE INSCREVER                      <\/button>\n                    <\/a>\n                  <\/div>\n                                      <p class=\"text-xs text-gray-500 mt-3 text-center sm:text-right\">\n                      Voc\u00ea permanecer\u00e1 no mesmo site                    <\/p>\n                                                                <\/div>\n            <\/div>\n          <\/div>\n          <div class=\"mt-10 h-1 bg-gray-200 rounded overflow-hidden sm:hidden mx-5\">\n            <div class=\"w-24 h-full\"><\/div>\n          <\/div>\n          <div class=\"hidden sm:block sm:px-0 py-6 mx-auto px-5\">\n            <div class=\"w-full py-3 mx-auto flex flex-wrap\">\n                              <img decoding=\"async\" loading=\"lazy\" alt=\"card\" style=\"height: 190px;\" class=\"lg:w-2\/5 w-full h-64 object-cover object-center rounded border-gray-100 border-2\" src=\"https:\/\/thejobsdigger.com\/wp-content\/uploads\/2025\/09\/ALDI_Dia01_Shot08_00921_final_alta-scaled.jpg\">\n                            \n              <div class=\"lg:w-3\/5 w-full lg:pl-6 mt-6 lg:mt-0\">\n                \n                \n                <p class=\"py-2 text-center sm:text-left leading-relaxed\">\n                  As vagas na ALDI Alemanha est\u00e3o em alta demanda e podem ser preenchidas rapidamente. Quem garantir sua candidatura agora ter\u00e1 mais chances de ingressar em uma das empresas mais respeitadas do setor. N\u00e3o espere at\u00e9 que seja tarde demais.                <\/p>\n                <div class=\"flex mt-6 items-center pb-5 border-b-2 border-gray-100 mb-5\">\n                <\/div>\n                                  <div class=\"flex\">\n                    <a class=\"flex text-white no-underline mt-10 m-auto sm:mr-0 sm:ml-auto\" href=\"https:\/\/thejobsdigger.com\/pt\/aldi-germany-jobs\/\"  data-analytics-label=\"landingPageFirstButton\" data-action=\"analytics#trackCTA\">\n                      <button id=\"landing-first\" class=\"text-white flex m-auto sm:mr-0 sm:ml-auto border-0 py-2 px-8 text-lg focus:outline-none rounded\">\n                        VEJA COMO SE INSCREVER                      <\/button>\n                    <\/a>\n                  <\/div>\n                                      <p class=\"text-xs text-gray-500 mt-3 text-center sm:text-right\">\n                      Voc\u00ea permanecer\u00e1 no mesmo site                    <\/p>\n                                                                <\/div>\n            <\/div>\n          <\/div>\n        <\/section>\n      \n      <p class=\"text-center leading-relaxed sm:w-3\/4 mx-auto my-10 px-5\">\n        Antes de se candidatar, \u00e9 importante conhecer os principais benef\u00edcios exclusivos que a ALDI oferece aos seus funcion\u00e1rios. Mais do que um sal\u00e1rio competitivo, a empresa garante condi\u00e7\u00f5es que valorizam o seu bem-estar, o da sua fam\u00edlia e o seu futuro. Confira:      <\/p>\n            <div class=\"flex flex-wrap sm:w-full sm:mx-auto sm:mb-2 px-5\">\n        <div class=\"p-2 sm:w-1\/2 w-full\">\n          <div class=\"bg-gray-100 rounded flex p-4 h-full items-center\">\n            <svg fill=\"none\" stroke=\"currentColor\" stroke-linecap=\"round\" stroke-linejoin=\"round\" stroke-width=\"3\" class=\"w-6 h-6 flex-shrink-0 mr-4\" viewbox=\"0 0 24 24\">\n              <path d=\"M22 11.08V12a10 10 0 11-5.93-9.14\"><\/path>\n              <path d=\"M22 4L12 14.01l-3-3\"><\/path>\n            <\/svg>\n            <span class=\"title-font font-medium text-left\">\n              6 semanas de f\u00e9rias anuais para todos os funcion\u00e1rios            <\/span>\n          <\/div>\n        <\/div>\n        <div class=\"p-2 sm:w-1\/2 w-full\">\n          <div class=\"bg-gray-100 rounded flex p-4 h-full items-center\">\n            <svg fill=\"none\" stroke=\"currentColor\" stroke-linecap=\"round\" stroke-linejoin=\"round\" stroke-width=\"3\" class=\"w-6 h-6 flex-shrink-0 mr-4\" viewbox=\"0 0 24 24\">\n              <path d=\"M22 11.08V12a10 10 0 11-5.93-9.14\"><\/path>\n              <path d=\"M22 4L12 14.01l-3-3\"><\/path>\n            <\/svg>\n            <span class=\"title-font font-medium text-left\">\n              Apoio \u00e0 fam\u00edlia e ao cuidado infantil            <\/span>\n          <\/div>\n        <\/div>\n        <div class=\"p-2 sm:w-1\/2 w-full\">\n          <div class=\"bg-gray-100 rounded flex p-4 h-full items-center\">\n            <svg fill=\"none\" stroke=\"currentColor\" stroke-linecap=\"round\" stroke-linejoin=\"round\" stroke-width=\"3\" class=\"w-6 h-6 flex-shrink-0 mr-4\" viewbox=\"0 0 24 24\">\n              <path d=\"M22 11.08V12a10 10 0 11-5.93-9.14\"><\/path>\n              <path d=\"M22 4L12 14.01l-3-3\"><\/path>\n            <\/svg>\n            <span class=\"title-font font-medium text-left\">\n              At\u00e9 13 dias de home office por m\u00eas            <\/span>\n          <\/div>\n        <\/div>\n        <div class=\"p-2 sm:w-1\/2 w-full\">\n          <div class=\"bg-gray-100 rounded flex p-4 h-full items-center\">\n            <svg fill=\"none\" stroke=\"currentColor\" stroke-linecap=\"round\" stroke-linejoin=\"round\" stroke-width=\"3\" class=\"w-6 h-6 flex-shrink-0 mr-4\" viewbox=\"0 0 24 24\">\n              <path d=\"M22 11.08V12a10 10 0 11-5.93-9.14\"><\/path>\n              <path d=\"M22 4L12 14.01l-3-3\"><\/path>\n            <\/svg>\n            <span class=\"title-font font-medium text-left\">\n              Bem-estar f\u00edsico e mental            <\/span>\n          <\/div>\n        <\/div>\n      <\/div>\n      \n              <div class=\"mx-5\" data-anchor-target=\"lazyBlock\">\n          <a class=\"text-white no-underline\"  href=\"https:\/\/thejobsdigger.com\/pt\/aldi-germany-jobs\/\" data-analytics-label=\"landingPageSecondButton\" data-action=\"analytics#trackCTA\">\n            <button id=\"landing-second\" class=\"flex mx-auto mt-16 border-0 py-2 px-8 focus:outline-none rounded text-lg\">\n              VEJA COMO SE INSCREVER            <\/button>\n          <\/a>\n        <\/div>\n                          <p class=\"text-xs text-gray-500 mt-3 text-center\">\n            Voc\u00ea permanecer\u00e1 no mesmo site          <\/p>\n                        <\/div>\n  <\/section>\n\n    <script type=\"module\"> function waitFor(conditionFunction) { const poll = resolve => { if(conditionFunction()) resolve(); else setTimeout(_ => poll(resolve), 400); }; return new Promise(poll); } import { Application, Controller } from \"\/wp-content\/themes\/twentytwentyone\/assets\/js\/stimulus.min.js\"; let Stimulus = Application.start(); Stimulus.register(\"anchor\", class extends Controller { static get targets() { return [ \"lazyBlock\", \"lazyBlockAnchor\" ]; } initialize() { this.active = false; this.passed = false; this.closed = false; this.anchorViews = 0; this.boundOnShowAnchor = this.onShowAnchor.bind(this); window.anchorReady = window.anchorReady || false; waitFor(_ => (window.scrollY > this.getHeightBlock() && !this.active)) .then(_ => { !window.anchorReady? this.visible() : ''; window.anchorReady = true; }); if (document.getElementById('landing')) { setTimeout(() => { !window.anchorReady ? this.visible() : ''; window.anchorReady = true; }, 1 * 30000); }; } connect() { this.onShowAnchor(); document.addEventListener(\"scroll\", this.boundOnShowAnchor); } disconnect() { document.removeEventListener(\"scroll\", this.boundOnShowAnchor); } visible() { if (document.getElementById('av-offerwall__wrapper')) { setTimeout(() => this.visible(), 20000); return; } if (document.getElementById('av-fixed__bottomWrapper') && document.getElementById('av-fixed__bottomWrapper').style.display !== 'none' && document.getElementById('av-fixed__bottomWrapper').getBoundingClientRect().height > 100) { setTimeout(() => this.visible(), 1000); return; } if (document.getElementById('av-fixed__bottomWrapper') && document.getElementById('av-fixed__bottomWrapper').style.display !== 'none' && document.getElementById('av-fixed__bottomWrapper').getBoundingClientRect().height > 10) { this.getAnchorElement().style.marginBottom = '60px'; } if (document.querySelector('[data-anchor-shown=\"true\"]') && document.querySelector('[data-anchor-shown=\"true\"]').style.bottom === '0px') { setTimeout(() => this.visible(), 1000); return; } if (!window.km2AnchorReady) { this.active = true; \/*this.getAnchorElement().style.animation = \"none\"; this.getAnchorElement().classList.remove('animate-show-down');*\/ \/*this.getAnchorElement().classList.add('animate-show-up');*\/ \/*setTimeout(() => {*\/ \/*this.getAnchorElement().style.animation = \"\";*\/ this.getAnchorElement().classList.add('animate-show-up'); this.getAnchorElement().classList.remove('hidden'); this.setAnchorViews(this.anchorViews+1); setTimeout(() => this.closeAnchor(), 20000); waitFor(_ => (document.getElementById('av-fixed__bottomWrapper') && document.getElementById('av-fixed__bottomWrapper').style.display !== 'none' && document.getElementById('av-fixed__bottomWrapper').getBoundingClientRect().height > 10 && this.getAnchorElement().style.marginBottom !== '60px')) .then(_ => { this.closeAnchor(); }); this.active = false; \/*}, 10);*\/ } } invisible() { this.active = true; this.getAnchorElement().style.animation = \"none\"; this.getAnchorElement().classList.remove('animate-show-up'); this.getAnchorElement().classList.add('animate-show-down'); setTimeout(() => { this.getAnchorElement().style.animation = \"\"; setTimeout(() => { this.getAnchorElement().classList.add('hidden'); this.active = false; }, 800); }, 10); } onShowAnchor() { let anchorReady = false;  \/*if (!this.active && !anchorReady) { if (this.getAnchorViews() <= 3) { if (window.scrollY > this.getHeightBlock()) { if (!this.passed && !this.closed) { this.visible(); this.passed = true; } } else { if (this.passed) { this.invisible(); this.passed = false; } } } else { if (!this.getAnchorElement().classList.contains('close')) { this.getAnchorElement().classList.add('close'); if (window.scrollY < this.getHeightBlock()) { this.invisible(); } } } }*\/ } closeAnchor() { if (this.closed) return; this.invisible(); this.getAnchorElement().classList.add('close'); this.closed = true; } getAnchorElement() { return this.lazyBlockAnchorTargets[0]; } getAnchorViews() { this.anchorViews = parseInt(sessionStorage.getItem(\"anchorViews\")) >= 1 ? parseInt(sessionStorage.getItem(\"anchorViews\")) : 0; return this.anchorViews; } setAnchorViews(views) { sessionStorage.setItem(\"anchorViews\", views); } getHeightBlock() { return this.lazyBlockTarget.offsetTop + this.lazyBlockTarget.offsetHeight - 110; } }) <\/script>  <div data-anchor-target=\"lazyBlockAnchor\" class=\"fixed w-full sm:w-96 px-3 py-2 bottom-0 left-0 hidden\" style=\"z-index: 999999;\" name=\"lazyBlockAnchor\">\n    <div class=\"grid justify-items-stretch\">        \n              <div class=\"relative justify-self-end top-4 -right-2\">\n          <button data-no-translation class=\"bg-white text-md font-medium text-center rounded-full h-7 w-7 border-2\" data-analytics-label=\"anchorCloseAnchor\" data-action=\"anchor#closeAnchor\" style=\"z-index: 999999;\">\n            X\n          <\/button>\n        <\/div>\n        <div class=\"w-full justify-self-start flex flex-col h-32 bg-white border-solid border-2 shadow-md rounded-md\">\n          <div class=\"mx-2 h-1\/2\">\n            <p class=\"px-5 text-center pt-3 text-xs\">\n              A quest\u00e3o \u00e9: voc\u00ea vai agir agora ou deixar essa oportunidade escapar?            <\/p>\n          <\/div>\n          <div class=\"mx-2 mt-1 bottom-0 h-1\/2\">\n            <a class=\"w-full m-auto\" href=\"https:\/\/thejobsdigger.com\/pt\/aldi-germany-jobs\/\"  data-analytics-label=\"anchorButton\" data-action=\"analytics#trackCTA\" >\n              <button class=\"flex m-auto border-0 py-2 px-6 focus:outline-none rounded text-center text-sm\">\n                Continuar lendo              <\/button>\n            <\/a>\n            <p class=\"text-gray-500 text-center mt-1\" style=\"font-size: 0.50rem;\">\n              Voc\u00ea permanecer\u00e1 no mesmo site  \n            <\/p>\n          <\/div>\n        <\/div>\n          <\/div>\n  <\/div>\n\n  <link rel=\"prefetch\" href=\"https:\/\/thejobsdigger.com\/aldi-germany-jobs\/\">\n  <link rel=\"prerender\" href=\"https:\/\/thejobsdigger.com\/aldi-germany-jobs\/\">\n\n  <link rel=\"prefetch\" href=\"https:\/\/thejobsdigger.com\/aldi-germany-jobs\/\">\n  <link rel=\"prerender\" href=\"https:\/\/thejobsdigger.com\/aldi-germany-jobs\/\">\n\n  <div style=\"margin-top: 100px;\">\n      <\/div>\n\n<\/div>\n\n<\/div><!--landing--><!--advertisement--><div class=\"mx-5 sm:mx-0 sm:text-3xl text-2xl font-medium title-font mb-4 text-gray-900 text-left\">\n<h2 class=\"wp-block-heading\" id=\"h-advantages-and-disadvantages-of-working-at-aldi-germany\">Vantagens e desvantagens de trabalhar na ALDI Alemanha<\/h2>\n<\/div><div class=\"mx-5 sm:mx-0 prose leading-relaxed text-lg mb-5 text-left wp-paragraph\">\n<p>Na hora de procurar um novo emprego, \u00e9 fundamental analisar n\u00e3o s\u00f3 o que a empresa oferece de positivo, mas tamb\u00e9m os desafios que podem surgir no dia a dia. <\/p>\n<\/div><div class=\"mx-5 sm:mx-0 prose leading-relaxed text-lg mb-5 text-left wp-paragraph\">\n<p>Muitas vezes, as vantagens ficam claras nos an\u00fancios de emprego, mas as exig\u00eancias e a realidade do ambiente de trabalho s\u00f3 se tornam evidentes ap\u00f3s a contrata\u00e7\u00e3o. No caso de <strong>ALDI Alemanha<\/strong>, estamos falando de uma das redes varejistas mais s\u00f3lidas e respeitadas da Europa, presente em praticamente todas as regi\u00f5es do pa\u00eds.<\/p>\n<\/div><div class=\"mx-5 sm:mx-0 prose leading-relaxed text-lg mb-5 text-left wp-paragraph\">\n<p>Para alguns candidatos, o ALDI representa a oportunidade de construir uma carreira est\u00e1vel com benef\u00edcios exclusivos e espa\u00e7o para crescimento. Para outros, a din\u00e2mica do varejo pode significar um ambiente de ritmo acelerado e altas expectativas de desempenho. <\/p>\n<\/div><div class=\"mx-5 sm:mx-0 prose leading-relaxed text-lg mb-5 text-left wp-paragraph\">\n<p>\u00c9 por isso que, antes de se candidatar, vale a pena entender detalhadamente tanto os pontos fortes quanto os poss\u00edveis desafios de trabalhar na empresa.<\/p>\n<\/div><!--advertisement--><div class=\"mx-5 sm:mx-0 sm:text-3xl text-2xl font-medium title-font mb-4 text-gray-900 text-left\">\n<h2 class=\"wp-block-heading\" id=\"h-advantages-of-working-at-aldi-germany\">Vantagens de trabalhar na ALDI Alemanha<\/h2>\n<\/div><!--advertisement--><div class=\"mx-5 sm:mx-0 sm:text-3xl text-2xl font-medium title-font mb-4 text-gray-900 text-left\">\n<h3 class=\"wp-block-heading\" id=\"h-1-company-stability-and-reputation\">1. Estabilidade e reputa\u00e7\u00e3o da empresa<\/h3>\n<\/div><div class=\"mx-5 sm:mx-0 prose leading-relaxed text-lg mb-5 text-left wp-paragraph\">\n<p>Poucas empresas do setor varejista t\u00eam a mesma solidez que a ALDI. Com d\u00e9cadas de hist\u00f3ria e presen\u00e7a internacional, tornou-se um s\u00edmbolo de estabilidade no emprego. <\/p>\n<\/div><div class=\"mx-5 sm:mx-0 prose leading-relaxed text-lg mb-5 text-left wp-paragraph\">\n<p>Mesmo em tempos de crise, o setor de varejo alimentar tende a se manter est\u00e1vel, garantindo tranquilidade para quem busca carreiras de longo prazo. Trabalhar em uma grande marca tamb\u00e9m agrega valor a qualquer curr\u00edculo, j\u00e1 que o ALDI \u00e9 reconhecido mundialmente como refer\u00eancia em efici\u00eancia e inova\u00e7\u00e3o.<\/p>\n<\/div><!--advertisement--><div class=\"mx-5 sm:mx-0 sm:text-3xl text-2xl font-medium title-font mb-4 text-gray-900 text-left\">\n<h3 class=\"wp-block-heading\" id=\"h-2-attractive-benefits-package\">2. Pacote de benef\u00edcios atrativo<\/h3>\n<\/div><div class=\"mx-5 sm:mx-0 prose leading-relaxed text-lg mb-5 text-left wp-paragraph\">\n<p>Al\u00e9m de sal\u00e1rios competitivos, o ALDI se destaca por oferecer benef\u00edcios que v\u00e3o muito al\u00e9m do b\u00e1sico. <\/p>\n<\/div><div class=\"mx-5 sm:mx-0 prose leading-relaxed text-lg mb-5 text-left wp-paragraph\">\n<p>Os funcion\u00e1rios gostam <strong>seis semanas de f\u00e9rias anuais<\/strong>, apoio financeiro para cuidados infantis, aconselhamento psicol\u00f3gico gratuito, alimenta\u00e7\u00e3o saud\u00e1vel fornecida nos escrit\u00f3rios, descontos em seguros de sa\u00fade e programas de condicionamento f\u00edsico subsidiados. <\/p>\n<\/div><div class=\"mx-5 sm:mx-0 prose leading-relaxed text-lg mb-5 text-left wp-paragraph\">\n<p>Isso reflete a preocupa\u00e7\u00e3o da empresa n\u00e3o apenas com a produtividade, mas tamb\u00e9m com o bem-estar f\u00edsico, emocional e familiar de seus funcion\u00e1rios.<\/p>\n<\/div><!--advertisement--><div class=\"mx-5 sm:mx-0 sm:text-3xl text-2xl font-medium title-font mb-4 text-gray-900 text-left\">\n<h3 class=\"wp-block-heading\" id=\"h-3-work-flexibility\">3. Flexibilidade de trabalho<\/h3>\n<\/div><div class=\"mx-5 sm:mx-0 prose leading-relaxed text-lg mb-5 text-left wp-paragraph\">\n<p>Outra vantagem fundamental \u00e9 o modelo de trabalho h\u00edbrido. Em fun\u00e7\u00f5es administrativas, por exemplo, os funcion\u00e1rios podem trabalhar <strong>at\u00e9 13 dias por m\u00eas em casa<\/strong> e tamb\u00e9m se beneficiam do \u201cWorkation\u201d, que lhes permite trabalhar remotamente de pa\u00edses selecionados por at\u00e9 30 dias por ano. <\/p>\n<\/div><div class=\"mx-5 sm:mx-0 prose leading-relaxed text-lg mb-5 text-left wp-paragraph\">\n<p>Esse n\u00edvel de flexibilidade \u00e9 raro em empresas de varejo e \u00e9 especialmente atraente para aquelas que buscam melhor equil\u00edbrio entre vida pessoal e profissional.<\/p>\n<\/div><!--advertisement--><div class=\"mx-5 sm:mx-0 sm:text-3xl text-2xl font-medium title-font mb-4 text-gray-900 text-left\">\n<h3 class=\"wp-block-heading\" id=\"h-4-career-growth-opportunities\">4. Oportunidades de crescimento na carreira<\/h3>\n<\/div><div class=\"mx-5 sm:mx-0 prose leading-relaxed text-lg mb-5 text-left wp-paragraph\">\n<p>A ALDI investe pesadamente em treinamento e desenvolvimento, oferecendo programas de treinamento cont\u00ednuo que ajudam os funcion\u00e1rios a progredir em suas fun\u00e7\u00f5es. <\/p>\n<\/div><div class=\"mx-5 sm:mx-0 prose leading-relaxed text-lg mb-5 text-left wp-paragraph\">\n<p>Muitos trabalhadores que come\u00e7am em cargos operacionais de n\u00edvel b\u00e1sico acabam assumindo cargos de lideran\u00e7a em poucos anos. Essa mobilidade ascendente torna a ALDI uma excelente op\u00e7\u00e3o para quem deseja construir uma carreira estruturada.<\/p>\n<\/div><!--advertisement--><div class=\"mx-5 sm:mx-0 sm:text-3xl text-2xl font-medium title-font mb-4 text-gray-900 text-left\">\n<h3 class=\"wp-block-heading\" id=\"h-5-inclusive-environment-and-focus-on-well-being\">5. Ambiente inclusivo e foco no bem-estar<\/h3>\n<\/div><div class=\"mx-5 sm:mx-0 prose leading-relaxed text-lg mb-5 text-left wp-paragraph\">\n<p>A empresa promove a diversidade e visa criar um ambiente de trabalho saud\u00e1vel. Al\u00e9m dos benef\u00edcios para a sa\u00fade f\u00edsica e mental, o ALDI promove uma cultura colaborativa na qual o trabalho em equipe \u00e9 altamente valorizado. <\/p>\n<\/div><div class=\"mx-5 sm:mx-0 prose leading-relaxed text-lg mb-5 text-left wp-paragraph\">\n<p>Essa abordagem faz com que os funcion\u00e1rios se sintam parte de algo maior, com oportunidades genu\u00ednas de crescimento pessoal e profissional.<\/p>\n<\/div><!--advertisement--><div class=\"mx-5 sm:mx-0 sm:text-3xl text-2xl font-medium title-font mb-4 text-gray-900 text-left\">\n<h3 class=\"wp-block-heading\" id=\"h-6-relocation-assistance-for-international-employees\">6. Assist\u00eancia de realoca\u00e7\u00e3o para funcion\u00e1rios internacionais<\/h3>\n<\/div><div class=\"mx-5 sm:mx-0 prose leading-relaxed text-lg mb-5 text-left wp-paragraph\">\n<p>Para profissionais que se mudam do exterior, a ALDI oferece um pacote de suporte completo. Al\u00e9m de um b\u00f4nus financeiro de at\u00e9 <strong>\u20ac3,000<\/strong>, a empresa ajuda os funcion\u00e1rios a encontrar moradia, fornece assist\u00eancia organizacional e garante uma transi\u00e7\u00e3o mais tranquila. <\/p>\n<\/div><div class=\"mx-5 sm:mx-0 prose leading-relaxed text-lg mb-5 text-left wp-paragraph\">\n<p>Esse suporte \u00e9 uma grande vantagem no mercado de trabalho alem\u00e3o, j\u00e1 que poucas empresas oferecem esse n\u00edvel de assist\u00eancia a contrata\u00e7\u00f5es estrangeiras.<\/p>\n<\/div><!--advertisement--><div class=\"mx-5 sm:mx-0 sm:text-3xl text-2xl font-medium title-font mb-4 text-gray-900 text-left\">\n<h2 class=\"wp-block-heading\" id=\"h-disadvantages-of-working-at-aldi-germany\">Desvantagens de trabalhar na ALDI Alemanha<\/h2>\n<\/div><!--advertisement--><div class=\"mx-5 sm:mx-0 sm:text-3xl text-2xl font-medium title-font mb-4 text-gray-900 text-left\">\n<h3 class=\"wp-block-heading\" id=\"h-1-requirement-of-german-language-proficiency\">1. Requisito de profici\u00eancia na l\u00edngua alem\u00e3<\/h3>\n<\/div><div class=\"mx-5 sm:mx-0 prose leading-relaxed text-lg mb-5 text-left wp-paragraph\">\n<p>Embora a ALDI seja uma empresa internacional, a maioria das fun\u00e7\u00f5es exige <strong>flu\u00eancia em alem\u00e3o<\/strong>, principalmente em fun\u00e7\u00f5es de loja e log\u00edstica. Para estrangeiros que ainda est\u00e3o aprendendo o idioma, isso pode ser uma barreira no in\u00edcio. Em fun\u00e7\u00f5es administrativas, o ingl\u00eas pode ser um diferencial, mas raramente substitui o alem\u00e3o em cargos de atendimento ao cliente ou de trabalho em equipe.<\/p>\n<\/div><!--advertisement--><div class=\"mx-5 sm:mx-0 sm:text-3xl text-2xl font-medium title-font mb-4 text-gray-900 text-left\">\n<h3 class=\"wp-block-heading\" id=\"h-2-fast-paced-work-environment\">2. Ambiente de trabalho acelerado<\/h3>\n<\/div><div class=\"mx-5 sm:mx-0 prose leading-relaxed text-lg mb-5 text-left wp-paragraph\">\n<p>O varejo \u00e9 inerentemente din\u00e2mico, caracterizado por demanda constante e prazos apertados. Isso significa que os funcion\u00e1rios do ALDI precisam se adaptar a um ambiente de ritmo acelerado que exige agilidade, foco e r\u00e1pida capacidade de resolu\u00e7\u00e3o de problemas. Para aqueles que preferem ambientes de trabalho mais tranquilos e com rotinas previs\u00edveis, isso pode ser um desafio.<\/p>\n<\/div><!--advertisement--><div class=\"mx-5 sm:mx-0 sm:text-3xl text-2xl font-medium title-font mb-4 text-gray-900 text-left\">\n<h3 class=\"wp-block-heading\" id=\"h-3-flexibility-of-working-hours\">3. Flexibilidade de hor\u00e1rios de trabalho<\/h3>\n<\/div><div class=\"mx-5 sm:mx-0 prose leading-relaxed text-lg mb-5 text-left wp-paragraph\">\n<p>Muitas fun\u00e7\u00f5es, especialmente em lojas e centros de distribui\u00e7\u00e3o, n\u00e3o seguem um hor\u00e1rio tradicional de segunda a sexta-feira. \u00c9 comum que os turnos incluam fins de semana, feriados ou at\u00e9 mesmo trabalho noturno. Embora alguns vejam isso como um benef\u00edcio, pode ser dif\u00edcil para quem busca uma rotina r\u00edgida ou mais tempo com a fam\u00edlia.<\/p>\n<\/div><!--advertisement--><div class=\"mx-5 sm:mx-0 sm:text-3xl text-2xl font-medium title-font mb-4 text-gray-900 text-left\">\n<h3 class=\"wp-block-heading\" id=\"h-4-high-competitiveness-in-recruitment\">4. Alta competitividade no recrutamento<\/h3>\n<\/div><div class=\"mx-5 sm:mx-0 prose leading-relaxed text-lg mb-5 text-left wp-paragraph\">\n<p><strong>Empregos na ALDI Alemanha<\/strong> s\u00e3o muito procurados devido aos benef\u00edcios atrativos e \u00e0 estabilidade oferecidos. Como resultado, o processo de recrutamento \u00e9 altamente competitivo. Os candidatos precisam de curr\u00edculos bem elaborados, cartas de apresenta\u00e7\u00e3o personalizadas e um bom desempenho em entrevistas para se destacarem. Sem uma prepara\u00e7\u00e3o cuidadosa, garantir uma vaga pode ser desafiador.<\/p>\n<\/div><!--advertisement--><div class=\"mx-5 sm:mx-0 sm:text-3xl text-2xl font-medium title-font mb-4 text-gray-900 text-left\">\n<h3 class=\"wp-block-heading\" id=\"h-5-performance-pressure\">5. Press\u00e3o de desempenho<\/h3>\n<\/div><div class=\"mx-5 sm:mx-0 prose leading-relaxed text-lg mb-5 text-left wp-paragraph\">\n<p>Como em qualquer grande empresa varejista, h\u00e1 uma forte \u00eanfase na efici\u00eancia e no cumprimento de metas. Em cargos de lideran\u00e7a, a responsabilidade \u00e9 ainda maior, exigindo tomada de decis\u00f5es r\u00e1pida e foco constante em resultados. Para alguns profissionais, essa press\u00e3o pode gerar estresse a longo prazo.<\/p>\n<\/div><!--advertisement--><div class=\"mx-5 sm:mx-0 sm:text-3xl text-2xl font-medium title-font mb-4 text-gray-900 text-left\">\n<h2 class=\"wp-block-heading\" id=\"h-conclusion\">Conclus\u00e3o<\/h2>\n<\/div><div class=\"mx-5 sm:mx-0 prose leading-relaxed text-lg mb-5 text-left wp-paragraph\">\n<p><strong>Empregos na ALDI Alemanha<\/strong> A ALDI oferece um conjunto de vantagens que poucas empresas de varejo conseguem igualar: estabilidade, um amplo pacote de benef\u00edcios, oportunidades de crescimento profissional e preocupa\u00e7\u00e3o genu\u00edna com o bem-estar dos funcion\u00e1rios. Para quem busca construir uma carreira de longo prazo em uma empresa respeitada, a ALDI se destaca como uma excelente op\u00e7\u00e3o.<\/p>\n<\/div><div class=\"mx-5 sm:mx-0 prose leading-relaxed text-lg mb-5 text-left wp-paragraph\">\n<p>Por outro lado, \u00e9 importante considerar os desafios do setor, como o ambiente de trabalho acelerado, hor\u00e1rios flex\u00edveis e a press\u00e3o para entregar resultados. Para candidatos sem profici\u00eancia na l\u00edngua alem\u00e3, tamb\u00e9m pode haver uma barreira inicial a ser superada.<\/p>\n<\/div><div class=\"mx-5 sm:mx-0 prose leading-relaxed text-lg mb-5 text-left wp-paragraph\">\n<p>Em \u00faltima an\u00e1lise, a decis\u00e3o depende do perfil e dos objetivos de carreira de cada indiv\u00edduo. Para quem valoriza seguran\u00e7a, desenvolvimento e benef\u00edcios diferenciados, o ALDI representa uma oportunidade \u00fanica. <\/p>\n<\/div><div class=\"mx-5 sm:mx-0 prose leading-relaxed text-lg mb-5 text-left wp-paragraph\">\n<p>Para outros que preferem ambientes de trabalho mais leves e com menos demanda, pode ser necess\u00e1rio avaliar cuidadosamente as compensa\u00e7\u00f5es antes de se candidatar.<\/p>\n<\/div><div class=\"wp-block-lazyblock-accordion lazyblock-accordion-Zp52fo\"><div data-controller=\"accordion\" class=\"mx-5 sm:mx-0 rounded mt-10 mb-20\">\n\t<div>\n                    <h2>\n                <button data-accordion-target=\"title\" data-accordion-index=\"0\" data-action=\"accordion#update\" type=\"button\" class=\"h-24 sm:h-16 flex justify-between items-center py-5 w-full font-medium text-left text-gray-900 rounded-t-xl border-b border-gray-200 dark:border-gray-700 dark:text-white\">\n                    <span class=\"w-4\/5\" data-accordion-index=\"0\">\n                        Quais s\u00e3o as principais posi\u00e7\u00f5es dispon\u00edveis na ALDI Alemanha?                    <\/span>\n                    <svg data-accordion-index=\"0\" data-accordion-target=\"icon\" class=\"w-6 h-6 rotate-180 shrink-0\" fill=\"currentColor\" viewbox=\"0 0 20 20\" xmlns=\"http:\/\/www.w3.org\/2000\/svg\"><path fill-rule=\"evenodd\" d=\"M5.293 7.293a1 1 0 011.414 0L10 10.586l3.293-3.293a1 1 0 111.414 1.414l-4 4a1 1 0 01-1.414 0l-4-4a1 1 0 010-1.414z\" clip-rule=\"evenodd\"><\/path><\/svg>\n                <\/button>\n            <\/h2>\n            <div data-accordion-target=\"description\" class=\"animate-fade-in-down\">\n                <div class=\"py-5 border-b border-gray-200 dark:border-gray-70 text-left\">\n                    <p class=\"mb-2 text-gray-500 dark:text-gray-400\">\n                        A ALDI oferece oportunidades em diversas \u00e1reas, atendendo tanto profissionais em in\u00edcio de carreira quanto aqueles com experi\u00eancia consolidada. Nas lojas, h\u00e1 cargos como caixa, estoquista, assistente de atendimento ao cliente e gerente de loja, todos essenciais para o dia a dia das opera\u00e7\u00f5es. Em centros log\u00edsticos, as vagas incluem operadores de empilhadeira, assistentes de armaz\u00e9m, gerentes de log\u00edstica e profissionais de transporte. Em escrit\u00f3rios administrativos, h\u00e1 vagas em recursos humanos, finan\u00e7as, marketing, jur\u00eddico e tecnologia da informa\u00e7\u00e3o, ideais para quem busca atuar em fun\u00e7\u00f5es estrat\u00e9gicas. Al\u00e9m disso, a ALDI mant\u00e9m programas de trainee e est\u00e1gio voltados para estudantes e rec\u00e9m-formados, oferecendo oportunidades de aprendizado e crescimento. Leia o artigo completo para descobrir em detalhes todas as vagas dispon\u00edveis na ALDI Alemanha e identificar qual delas melhor se encaixa no seu perfil.                    <\/p>\n                <\/div>\n            <\/div>\n                    <h2>\n                <button data-accordion-target=\"title\" data-accordion-index=\"1\" data-action=\"accordion#update\" type=\"button\" class=\"h-24 sm:h-16 flex justify-between items-center py-5 w-full font-medium text-left text-gray-900 rounded-t-xl border-b border-gray-200 dark:border-gray-700 dark:text-white\">\n                    <span class=\"w-4\/5\" data-accordion-index=\"1\">\n                        Quais s\u00e3o os requisitos para trabalhar na ALDI Alemanha?                    <\/span>\n                    <svg data-accordion-index=\"1\" data-accordion-target=\"icon\" class=\"w-6 h-6 rotate-180 shrink-0\" fill=\"currentColor\" viewbox=\"0 0 20 20\" xmlns=\"http:\/\/www.w3.org\/2000\/svg\"><path fill-rule=\"evenodd\" d=\"M5.293 7.293a1 1 0 011.414 0L10 10.586l3.293-3.293a1 1 0 111.414 1.414l-4 4a1 1 0 01-1.414 0l-4-4a1 1 0 010-1.414z\" clip-rule=\"evenodd\"><\/path><\/svg>\n                <\/button>\n            <\/h2>\n            <div data-accordion-target=\"description\" class=\"animate-fade-in-down\">\n                <div class=\"py-5 border-b border-gray-200 dark:border-gray-70 text-left\">\n                    <p class=\"mb-2 text-gray-500 dark:text-gray-400\">\n                        Os requisitos para ingressar na ALDI variam de acordo com a \u00e1rea e o n\u00edvel da posi\u00e7\u00e3o, mas algumas caracter\u00edsticas s\u00e3o comuns a todas as fun\u00e7\u00f5es. A empresa valoriza profissionais comprometidos, respons\u00e1veis, proativos e com capacidade de trabalhar bem em equipe. Para fun\u00e7\u00f5es em lojas e log\u00edstica, a profici\u00eancia em alem\u00e3o \u00e9 essencial, pois a intera\u00e7\u00e3o di\u00e1ria com clientes e colegas faz parte do trabalho. Em \u00e1reas administrativas, al\u00e9m do alem\u00e3o, o ingl\u00eas tamb\u00e9m pode ser exigido, especialmente em departamentos com opera\u00e7\u00f5es internacionais. Dependendo da posi\u00e7\u00e3o, qualifica\u00e7\u00f5es t\u00e9cnicas ou de ensino superior podem ser necess\u00e1rias, bem como experi\u00eancia pr\u00e9via em fun\u00e7\u00f5es semelhantes. Mais do que qualifica\u00e7\u00f5es formais, a ALDI busca funcion\u00e1rios que compartilhem seus valores de efici\u00eancia, simplicidade e dedica\u00e7\u00e3o. Descubra todos os requisitos e saiba como se preparar para conseguir um emprego na ALDI Alemanha lendo o artigo completo.                    <\/p>\n                <\/div>\n            <\/div>\n                    <h2>\n                <button data-accordion-target=\"title\" data-accordion-index=\"2\" data-action=\"accordion#update\" type=\"button\" class=\"h-24 sm:h-16 flex justify-between items-center py-5 w-full font-medium text-left text-gray-900 rounded-t-xl border-b border-gray-200 dark:border-gray-700 dark:text-white\">\n                    <span class=\"w-4\/5\" data-accordion-index=\"2\">\n                        Quais benef\u00edcios a ALDI oferece aos seus funcion\u00e1rios na Alemanha?                    <\/span>\n                    <svg data-accordion-index=\"2\" data-accordion-target=\"icon\" class=\"w-6 h-6 rotate-180 shrink-0\" fill=\"currentColor\" viewbox=\"0 0 20 20\" xmlns=\"http:\/\/www.w3.org\/2000\/svg\"><path fill-rule=\"evenodd\" d=\"M5.293 7.293a1 1 0 011.414 0L10 10.586l3.293-3.293a1 1 0 111.414 1.414l-4 4a1 1 0 01-1.414 0l-4-4a1 1 0 010-1.414z\" clip-rule=\"evenodd\"><\/path><\/svg>\n                <\/button>\n            <\/h2>\n            <div data-accordion-target=\"description\" class=\"animate-fade-in-down\">\n                <div class=\"py-5 border-b border-gray-200 dark:border-gray-70 text-left\">\n                    <p class=\"mb-2 text-gray-500 dark:text-gray-400\">\n                        Trabalhar na ALDI significa ter acesso a um dos pacotes de benef\u00edcios mais atraentes do setor varejista. Entre as vantagens est\u00e3o seis semanas de f\u00e9rias anuais, proporcionando maior equil\u00edbrio entre vida pessoal e profissional. A empresa tamb\u00e9m oferece suporte \u00e0s fam\u00edlias com um pacote completo de creche, incluindo assist\u00eancia financeira, suporte emergencial e at\u00e9 mesmo programas de f\u00e9rias escolares. Outro grande destaque \u00e9 o modelo de trabalho h\u00edbrido, que permite at\u00e9 13 dias de home office por m\u00eas, bem como a op\u00e7\u00e3o &quot;Workation&quot;, que permite que os funcion\u00e1rios trabalhem at\u00e9 30 dias por ano em pa\u00edses selecionados. Para sa\u00fade e bem-estar, os funcion\u00e1rios t\u00eam acesso a atividades f\u00edsicas subsidiadas, aconselhamento psicol\u00f3gico gratuito e uma plataforma abrangente de sa\u00fade mental. H\u00e1 tamb\u00e9m descontos em planos de sa\u00fade privados, op\u00e7\u00f5es gratuitas de alimenta\u00e7\u00e3o saud\u00e1vel nos escrit\u00f3rios, benef\u00edcios de mobilidade sustent\u00e1vel, como aluguel de bicicletas com desconto e transporte p\u00fablico subsidiado, al\u00e9m de descontos exclusivos em diversas categorias. Por fim, a empresa oferece licen\u00e7a sab\u00e1tica e at\u00e9 mesmo suporte financeiro para realoca\u00e7\u00e3o de funcion\u00e1rios vindos do exterior. Confira a lista completa de benef\u00edcios no artigo sobre empregos na ALDI Alemanha e veja por que a empresa \u00e9 reconhecida como uma empregadora excepcional.                    <\/p>\n                <\/div>\n            <\/div>\n                    <h2>\n                <button data-accordion-target=\"title\" data-accordion-index=\"3\" data-action=\"accordion#update\" type=\"button\" class=\"h-24 sm:h-16 flex justify-between items-center py-5 w-full font-medium text-left text-gray-900 rounded-t-xl border-b border-gray-200 dark:border-gray-700 dark:text-white\">\n                    <span class=\"w-4\/5\" data-accordion-index=\"3\">\n                        Como se candidatar a uma vaga na ALDI Alemanha?                    <\/span>\n                    <svg data-accordion-index=\"3\" data-accordion-target=\"icon\" class=\"w-6 h-6 rotate-180 shrink-0\" fill=\"currentColor\" viewbox=\"0 0 20 20\" xmlns=\"http:\/\/www.w3.org\/2000\/svg\"><path fill-rule=\"evenodd\" d=\"M5.293 7.293a1 1 0 011.414 0L10 10.586l3.293-3.293a1 1 0 111.414 1.414l-4 4a1 1 0 01-1.414 0l-4-4a1 1 0 010-1.414z\" clip-rule=\"evenodd\"><\/path><\/svg>\n                <\/button>\n            <\/h2>\n            <div data-accordion-target=\"description\" class=\"animate-fade-in-down\">\n                <div class=\"py-5 border-b border-gray-200 dark:border-gray-70 text-left\">\n                    <p class=\"mb-2 text-gray-500 dark:text-gray-400\">\n                        O processo de recrutamento na ALDI \u00e9 simples, mas exige aten\u00e7\u00e3o aos detalhes para garantir o sucesso. Tudo come\u00e7a no portal oficial de carreiras da empresa, onde as vagas s\u00e3o constantemente atualizadas. Os candidatos devem selecionar a vaga de interesse, preencher o formul\u00e1rio de inscri\u00e7\u00e3o e anexar os documentos necess\u00e1rios. O curr\u00edculo deve seguir o padr\u00e3o alem\u00e3o, ser claro e conciso, destacando experi\u00eancias e conquistas relevantes. A carta de apresenta\u00e7\u00e3o tamb\u00e9m \u00e9 crucial, pois permite que os candidatos demonstrem seu interesse pela vaga e alinhamento com os valores da empresa. Ap\u00f3s a triagem de perfil, os candidatos selecionados s\u00e3o convidados para entrevistas, que podem ocorrer presencialmente ou online. Dependendo da fun\u00e7\u00e3o, testes pr\u00e1ticos ou atividades em grupo tamb\u00e9m podem ser exigidos. Os candidatos aprovados recebem a oferta de emprego e passam pelo processo de integra\u00e7\u00e3o. Prepara\u00e7\u00e3o e aten\u00e7\u00e3o aos detalhes fazem toda a diferen\u00e7a em todas as etapas do recrutamento. No artigo completo sobre vagas na ALDI Alemanha, voc\u00ea encontrar\u00e1 um guia passo a passo para se candidatar com sucesso e aumentar suas chances de aprova\u00e7\u00e3o.                    <\/p>\n                <\/div>\n            <\/div>\n        \t<\/div>\n<\/div><\/div><div class=\"wp-block-lazyblock-credit-card lazyblock-credit-card-Z9Ve6B\"><section class=\"credit-card mx-5 sm:mx-0 text-gray-600 body-font  my-10 border-gray-200 border-b border-l border-r sm:border-0\">\n  <div class=\"h-1 bg-gray-200 rounded overflow-hidden\">\n    <div class=\"w-24 h-full\"><\/div>\n  <\/div>\n  <div class=\"container px-5 sm:px-0 py-6 mx-auto\" data-anchor-target=\"lazyBlock\">\n    <div class=\"flex flex-wrap mx-auto\">\n      <a class=\"lg:w-2\/5 w-full lg:pl-6 mt-6 lg:mt-0\" href=\"https:\/\/aldi-sued-holding-careers.com\/\" data-analytics-label=\"creditCardImage\" data-action=\"analytics#trackCTA\" >\n        <img decoding=\"async\" class=\"w-full h-64 object-cover object-center rounded\" loading=\"lazy\" alt=\"card\" style=\"height: 190px;\" src=\"https:\/\/thejobsdigger.com\/wp-content\/uploads\/2025\/09\/aldi.png\">\n      <\/a>\n      <div class=\"lg:w-3\/5 w-full lg:pl-6 mt-6 lg:mt-0\">\n        <h2 class=\"text-sm title-font text-gray-500 tracking-widest uppercase\">\n          Local na rede Internet        <\/h2>\n        <h1 class=\"text-gray-900 text-3xl title-font font-medium mb-1\">\n          ALDI        <\/h1>\n        <div class=\"flex mb-4 justify-center sm:justify-start\">\n          \n                      <span class=\"inline-block py-1 px-2 rounded text-xs font-medium tracking-widest uppercase mr-2\">\n              Encomendar Online            <\/span>\n                    \n        <\/div>\n        <p class=\"leading-relaxed\">\n                  <\/p>\n        <div class=\"flex mt-6 items-center pb-5 border-b-2 border-gray-100 mb-5\">\n          \n        <\/div>\n        <div class=\"flex\">\n          <a data-km2-rewarded=\"true\" style=\"font-size: 13px;\" class=\"hidden animate-fade-in flex m-auto sm:mr-0 sm:ml-auto\" rel=\"sponsored\" href=\"https:\/\/aldi-sued-holding-careers.com\/\" data-analytics-label=\"creditCardButton\" data-action=\"analytics#trackCTA\"  >\n            <button class=\"uppercase flex m-auto sm:mr-0 sm:ml-auto border-0 py-2 px-4 focus:outline-none rounded  disabled:opacity-50\">\n              ACESSE AGORA            <\/button>\n          <\/a>\n          <a data-km2-rewarded=\"false\" style=\"font-size: 15px;\" class=\"flex m-auto sm:mr-0 sm:ml-auto\" rel=\"sponsored\" href=\"https:\/\/aldi-sued-holding-careers.com\/\" data-analytics-label=\"creditCardButton\" data-action=\"analytics#trackCTA\"  >\n            <button id=\"offer-first\" class=\"flex m-auto sm:mr-0 sm:ml-auto border-0 py-2 px-6 focus:outline-none rounded  disabled:opacity-50\">\n              ACESSE AGORA            <\/button>\n          <\/a>\n        <\/div>\n        <p class=\"text-xs text-gray-500 mt-3 text-center sm:text-right\">\n          Voc\u00ea ser\u00e1 redirecionado para outro site        <\/p>\n      <\/div>\n    <\/div>\n  <\/div>\n\n    <script type=\"module\"> function waitFor(conditionFunction) { const poll = resolve => { if(conditionFunction()) resolve(); else setTimeout(_ => poll(resolve), 400); }; return new Promise(poll); } import { Application, Controller } from \"\/wp-content\/themes\/twentytwentyone\/assets\/js\/stimulus.min.js\"; let Stimulus = Application.start(); Stimulus.register(\"anchor\", class extends Controller { static get targets() { return [ \"lazyBlock\", \"lazyBlockAnchor\" ]; } initialize() { this.active = false; this.passed = false; this.closed = false; this.anchorViews = 0; this.boundOnShowAnchor = this.onShowAnchor.bind(this); window.anchorReady = window.anchorReady || false; waitFor(_ => (window.scrollY > this.getHeightBlock() && !this.active)) .then(_ => { !window.anchorReady? this.visible() : ''; window.anchorReady = true; }); if (document.getElementById('landing')) { setTimeout(() => { !window.anchorReady ? this.visible() : ''; window.anchorReady = true; }, 1 * 30000); }; } connect() { this.onShowAnchor(); document.addEventListener(\"scroll\", this.boundOnShowAnchor); } disconnect() { document.removeEventListener(\"scroll\", this.boundOnShowAnchor); } visible() { if (document.getElementById('av-offerwall__wrapper')) { setTimeout(() => this.visible(), 20000); return; } if (document.getElementById('av-fixed__bottomWrapper') && document.getElementById('av-fixed__bottomWrapper').style.display !== 'none' && document.getElementById('av-fixed__bottomWrapper').getBoundingClientRect().height > 100) { setTimeout(() => this.visible(), 1000); return; } if (document.getElementById('av-fixed__bottomWrapper') && document.getElementById('av-fixed__bottomWrapper').style.display !== 'none' && document.getElementById('av-fixed__bottomWrapper').getBoundingClientRect().height > 10) { this.getAnchorElement().style.marginBottom = '60px'; } if (document.querySelector('[data-anchor-shown=\"true\"]') && document.querySelector('[data-anchor-shown=\"true\"]').style.bottom === '0px') { setTimeout(() => this.visible(), 1000); return; } if (!window.km2AnchorReady) { this.active = true; \/*this.getAnchorElement().style.animation = \"none\"; this.getAnchorElement().classList.remove('animate-show-down');*\/ \/*this.getAnchorElement().classList.add('animate-show-up');*\/ \/*setTimeout(() => {*\/ \/*this.getAnchorElement().style.animation = \"\";*\/ this.getAnchorElement().classList.add('animate-show-up'); this.getAnchorElement().classList.remove('hidden'); this.setAnchorViews(this.anchorViews+1); setTimeout(() => this.closeAnchor(), 20000); waitFor(_ => (document.getElementById('av-fixed__bottomWrapper') && document.getElementById('av-fixed__bottomWrapper').style.display !== 'none' && document.getElementById('av-fixed__bottomWrapper').getBoundingClientRect().height > 10 && this.getAnchorElement().style.marginBottom !== '60px')) .then(_ => { this.closeAnchor(); }); this.active = false; \/*}, 10);*\/ } } invisible() { this.active = true; this.getAnchorElement().style.animation = \"none\"; this.getAnchorElement().classList.remove('animate-show-up'); this.getAnchorElement().classList.add('animate-show-down'); setTimeout(() => { this.getAnchorElement().style.animation = \"\"; setTimeout(() => { this.getAnchorElement().classList.add('hidden'); this.active = false; }, 800); }, 10); } onShowAnchor() { let anchorReady = false;  \/*if (!this.active && !anchorReady) { if (this.getAnchorViews() <= 3) { if (window.scrollY > this.getHeightBlock()) { if (!this.passed && !this.closed) { this.visible(); this.passed = true; } } else { if (this.passed) { this.invisible(); this.passed = false; } } } else { if (!this.getAnchorElement().classList.contains('close')) { this.getAnchorElement().classList.add('close'); if (window.scrollY < this.getHeightBlock()) { this.invisible(); } } } }*\/ } closeAnchor() { if (this.closed) return; this.invisible(); this.getAnchorElement().classList.add('close'); this.closed = true; } getAnchorElement() { return this.lazyBlockAnchorTargets[0]; } getAnchorViews() { this.anchorViews = parseInt(sessionStorage.getItem(\"anchorViews\")) >= 1 ? parseInt(sessionStorage.getItem(\"anchorViews\")) : 0; return this.anchorViews; } setAnchorViews(views) { sessionStorage.setItem(\"anchorViews\", views); } getHeightBlock() { return this.lazyBlockTarget.offsetTop + this.lazyBlockTarget.offsetHeight - 110; } }) <\/script>  <div data-anchor-target=\"lazyBlockAnchor\" class=\"fixed w-full sm:w-96 px-3 py-2 bottom-0 left-0 hidden\" style=\"z-index: 999999;\" name=\"lazyBlockAnchor\">\n    <div class=\"grid justify-items-stretch\">        \n              <div class=\"relative justify-self-end top-4 -right-2\">\n          <button data-no-translation class=\"bg-white text-md font-medium text-center rounded-full h-7 w-7 border-2\" data-analytics-label=\"anchorCloseAnchor\" data-action=\"anchor#closeAnchor\" style=\"z-index: 999999;\">\n            X\n          <\/button>\n        <\/div>\n        <div class=\"justify-self-auto flex flex-col h-32 bg-white border-solid border-2 shadow-md rounded-md\">\n          <div class=\"flex my-0 h-full\">\n            <div class=\"w-2\/5 p-1 ml-2 mt-2 w-full\">\n              <a href=\"https:\/\/aldi-sued-holding-careers.com\/\" rel=\"sponsored\" data-analytics-label=\"anchorImage\" data-action=\"analytics#trackCTA\">          \n                <img decoding=\"async\" loading=\"lazy\" alt=\"card\" class=\"w-full object-cover h-24 object-center rounded justify-self-auto border-2 border-gray-100\" src=\"https:\/\/thejobsdigger.com\/wp-content\/uploads\/2025\/09\/aldi.png\">          \n              <\/a>\n            <\/div>\n            <div class=\"w-3\/5 my-2\">\n              <p class=\"px-4 text-center text-xs h-1\/2\">\n                              <\/p>\n              <a href=\"https:\/\/aldi-sued-holding-careers.com\/\" rel=\"sponsored\" data-analytics-label=\"anchorButton\" data-action=\"analytics#trackCTA\" >\n                <button class=\"flex w-5\/6 m-auto mt-2 border-0 py-1 px-3 focus:outline-none rounded\">                \n                  <p class=\"text-center w-full\" style=\"font-size: 0.67rem;\">\n                    ACESSE AGORA                  <\/p>\n                <\/button>\n              <\/a>\n              <p class=\"text-gray-500 text-center mt-1\" style=\"font-size: 0.50rem;\">\n                Voc\u00ea ser\u00e1 redirecionado para outro site              <\/p>\n            <\/div>\n          <\/div>\n        <\/div>\n          <\/div>\n  <\/div>\n<\/section><\/div><!--loader--><div class=\"wp-block-lazyblock-loader lazyblock-loader-Z3oqy5\"><script>\n    Math.min(window.screen.width, window.screen.height) < 768 ? document.getElementById(\"page\").classList.add(\"fixed\") : '';\n<\/script>\n<div id=\"loader\" class=\"flex h-screen fixed bg-white inset-0\" style=\"z-index: 99999;\" >\n    <div class=\"m-auto flex flex-col\">\n        <div class=\"flex\">\n            <svg style=\"color: \" class=\"m-auto animate-spin h-28 w-28\" xmlns=\"http:\/\/www.w3.org\/2000\/svg\" fill=\"none\" viewbox=\"0 0 24 24\">\n                <circle class=\"opacity-25\" cx=\"12\" cy=\"12\" r=\"10\" stroke=\"currentColor\" stroke-width=\"4\"><\/circle>\n                <path class=\"opacity-75\" fill=\"currentColor\" d=\"M4 12a8 8 0 018-8V0C5.373 0 0 5.373 0 12h4zm2 5.291A7.962 7.962 0 014 12H0c0 3.042 1.135 5.824 3 7.938l3-2.647z\"><\/path>\n            <\/svg>\n        <\/div>\n                    <div class=\"px-2 my-4 text-center animate-pulse text-xl\">\n                              <\/div>\n                    <\/div>\n<\/div>\n<script>\n    function waitFor(conditionFunction) {\n        const poll = resolve => {\n            if(conditionFunction()) resolve();\n            else setTimeout(_ => poll(resolve), 400);\n        };\n        return new Promise(poll);\n    }\n\n    window.loaderHandler = setTimeout(() => {\n        waitFor(_ => ((document.querySelector('[data-google-query-id]') !== null) || (typeof avCustomConfig === 'object' && avCustomConfig.skipAds === true)))\n            .then(_ => {\n                if ((window.location.pathname.includes('\/iow')) && ((document.referrer ?? '').includes('thejobsdigger.com'.replace('cb.', ''))) && (!document.cookie.includes('avOfferWallRewarded'))) return;\n\n                if (document.getElementById('loader')) {\n                    document.getElementById('loader').addEventListener('animationend', () => {\n                        document.getElementById(\"page\").classList.remove(\"fixed\");\n                        document.getElementById(\"loader\").remove();\n                    });\n                    document.getElementById('loader').classList.add('animate-fade-out-quickly');\n                }\n            });\n    }, 2500);\n\n    window.loaderHandler = setTimeout(() => {\n        waitFor(_ => ((typeof av === 'object' && av.requested === true) || (typeof av === 'object' && av.showLimitedAds() === true && window.googletag && googletag.pubadsReady)))\n            .then(_ => {\n                if ((window.location.pathname.includes('\/iow')) && ((document.referrer ?? '').includes('thejobsdigger.com'.replace('cb.', ''))) && (!document.cookie.includes('avOfferWallRewarded'))) return;\n                \n                if (document.getElementById('loader')) {\n                    document.getElementById('loader').addEventListener('animationend', () => {\n                        document.getElementById(\"page\").classList.remove(\"fixed\");\n                        document.getElementById(\"loader\").remove();\n                    });\n                    document.getElementById('loader').classList.add('animate-fade-out-quickly');\n                }\n            });\n    }, 3500);\n\n    window.loaderHandler = setTimeout(() => {\n        waitFor(_ => (typeof av === 'object' && av.timeline?.includes('rewarded->visible')))\n            .then(_ => {                        \n                if (document.getElementById('loader')) {\n                    document.getElementById('loader').addEventListener('animationend', () => {\n                        document.getElementById(\"page\").classList.remove(\"fixed\");\n                        document.getElementById(\"loader\").remove();\n                    });\n                    document.getElementById('loader').classList.add('animate-fade-out-quickly');\n                }\n            });\n    }, 5000);\n\n    setTimeout(() => {\n        if (document.getElementById('loader')) {\n            document.getElementById('loader').addEventListener('animationend', () => {\n                document.getElementById(\"page\").classList.remove(\"fixed\");\n                document.getElementById(\"loader\").remove();\n            });\n            document.getElementById('loader').classList.add('animate-fade-out-quickly');\n        }\n    }, ((window.location.pathname.includes('\/iow')) && ((document.referrer ?? '').includes('thejobsdigger.com'.replace('cb.', ''))) && (!document.cookie.includes('avOfferWallRewarded'))) ? 20000 : 10000);\n<\/script>\n<\/div><!--loader-->","protected":false},"excerpt":{"rendered":"<p>Vantagens e desvantagens de trabalhar na ALDI Alemanha Ao procurar um novo emprego, \u00e9 essencial analisar n\u00e3o apenas os pontos positivos da empresa, mas tamb\u00e9m os desafios que podem surgir no dia a dia. Muitas vezes, as vantagens ficam claras nos an\u00fancios de emprego, mas os requisitos e a realidade do trabalho\u2026 <a class=\"more-link\" href=\"https:\/\/thejobsdigger.com\/pt\/cow-feed-rec-aldi-germany-jobs\/\">Continuar lendo <span class=\"screen-reader-text\">Recomenda\u00e7\u00e3o TJD \u2013 empregos ALDI Alemanha<\/span><\/a><\/p>","protected":false},"author":14,"featured_media":0,"comment_status":"open","ping_status":"open","sticky":false,"template":"","format":"standard","meta":{"footnotes":""},"categories":[3],"tags":[],"yoast_head":"<!-- This site is optimized with the Yoast SEO Premium plugin v18.7 (Yoast SEO v19.1) - https:\/\/yoast.com\/wordpress\/plugins\/seo\/ -->\n<title>Recommendation TJD - ALDI Germany jobs - The Jobs Digger<\/title>\n<meta name=\"description\" content=\"Find career opportunities at ALDI Germany with competitive salaries, great benefits, and room for professional growth.\" \/>\n<meta name=\"robots\" content=\"index, follow, max-snippet:-1, max-image-preview:large, max-video-preview:-1\" \/>\n<link rel=\"canonical\" href=\"https:\/\/thejobsdigger.com\/pt\/cow-feed-rec-aldi-germany-jobs\/\" \/>\n<meta property=\"og:locale\" content=\"pt_BR\" \/>\n<meta property=\"og:type\" content=\"article\" \/>\n<meta property=\"og:title\" content=\"Recommendation TJD - ALDI Germany jobs\" \/>\n<meta property=\"og:description\" content=\"Find career opportunities at ALDI Germany with competitive salaries, great benefits, and room for professional growth.\" \/>\n<meta property=\"og:url\" content=\"https:\/\/thejobsdigger.com\/pt\/cow-feed-rec-aldi-germany-jobs\/\" \/>\n<meta property=\"og:site_name\" content=\"The Jobs Digger\" \/>\n<meta property=\"article:published_time\" content=\"2025-09-17T17:36:01+00:00\" \/>\n<meta property=\"article:modified_time\" content=\"2025-09-17T17:37:56+00:00\" \/>\n<meta name=\"twitter:card\" content=\"summary_large_image\" \/>\n<meta name=\"twitter:label1\" content=\"Written by\" \/>\n\t<meta name=\"twitter:data1\" content=\"Rafaela Gregorio\" \/>\n\t<meta name=\"twitter:label2\" content=\"Est. reading time\" \/>\n\t<meta name=\"twitter:data2\" content=\"5 minutos\" \/>\n<script type=\"application\/ld+json\" class=\"yoast-schema-graph\">{\"@context\":\"https:\/\/schema.org\",\"@graph\":[{\"@type\":\"WebSite\",\"@id\":\"https:\/\/thejobsdigger.com\/#website\",\"url\":\"https:\/\/thejobsdigger.com\/\",\"name\":\"The Jobs Digger\",\"description\":\"\",\"potentialAction\":[{\"@type\":\"SearchAction\",\"target\":{\"@type\":\"EntryPoint\",\"urlTemplate\":\"https:\/\/thejobsdigger.com\/?s={search_term_string}\"},\"query-input\":\"required name=search_term_string\"}],\"inLanguage\":\"pt-BR\"},{\"@type\":\"WebPage\",\"@id\":\"https:\/\/thejobsdigger.com\/cow-feed-rec-aldi-germany-jobs\/#webpage\",\"url\":\"https:\/\/thejobsdigger.com\/cow-feed-rec-aldi-germany-jobs\/\",\"name\":\"Recommendation TJD - ALDI Germany jobs - The Jobs Digger\",\"isPartOf\":{\"@id\":\"https:\/\/thejobsdigger.com\/#website\"},\"datePublished\":\"2025-09-17T17:36:01+00:00\",\"dateModified\":\"2025-09-17T17:37:56+00:00\",\"author\":{\"@id\":\"https:\/\/thejobsdigger.com\/#\/schema\/person\/415cddaa2139267cbf16298b0eeb339f\"},\"description\":\"Find career opportunities at ALDI Germany with competitive salaries, great benefits, and room for professional growth.\",\"breadcrumb\":{\"@id\":\"https:\/\/thejobsdigger.com\/cow-feed-rec-aldi-germany-jobs\/#breadcrumb\"},\"inLanguage\":\"pt-BR\",\"potentialAction\":[{\"@type\":\"ReadAction\",\"target\":[\"https:\/\/thejobsdigger.com\/cow-feed-rec-aldi-germany-jobs\/\"]}]},{\"@type\":\"BreadcrumbList\",\"@id\":\"https:\/\/thejobsdigger.com\/cow-feed-rec-aldi-germany-jobs\/#breadcrumb\",\"itemListElement\":[{\"@type\":\"ListItem\",\"position\":1,\"name\":\"Home\",\"item\":\"https:\/\/thejobsdigger.com\/\"},{\"@type\":\"ListItem\",\"position\":2,\"name\":\"Recommendation TJD &#8211; ALDI Germany jobs\"}]},{\"@type\":\"Person\",\"@id\":\"https:\/\/thejobsdigger.com\/#\/schema\/person\/415cddaa2139267cbf16298b0eeb339f\",\"name\":\"Rafaela Gregorio\",\"image\":{\"@type\":\"ImageObject\",\"inLanguage\":\"pt-BR\",\"@id\":\"https:\/\/thejobsdigger.com\/#\/schema\/person\/image\/\",\"url\":\"https:\/\/secure.gravatar.com\/avatar\/896114155b61e0c2f10a07a5dea38c84?s=96&d=mm&r=g\",\"contentUrl\":\"https:\/\/secure.gravatar.com\/avatar\/896114155b61e0c2f10a07a5dea38c84?s=96&d=mm&r=g\",\"caption\":\"Rafaela Gregorio\"},\"url\":\"https:\/\/thejobsdigger.com\/pt\/author\/rafaela-gregorio\/\"}]}<\/script>\n<!-- \/ Yoast SEO Premium plugin. -->","yoast_head_json":{"title":"Recommendation TJD - ALDI Germany jobs - The Jobs Digger","description":"Find career opportunities at ALDI Germany with competitive salaries, great benefits, and room for professional growth.","robots":{"index":"index","follow":"follow","max-snippet":"max-snippet:-1","max-image-preview":"max-image-preview:large","max-video-preview":"max-video-preview:-1"},"canonical":"https:\/\/thejobsdigger.com\/pt\/cow-feed-rec-aldi-germany-jobs\/","og_locale":"pt_BR","og_type":"article","og_title":"Recommendation TJD - ALDI Germany jobs","og_description":"Find career opportunities at ALDI Germany with competitive salaries, great benefits, and room for professional growth.","og_url":"https:\/\/thejobsdigger.com\/pt\/cow-feed-rec-aldi-germany-jobs\/","og_site_name":"The Jobs Digger","article_published_time":"2025-09-17T17:36:01+00:00","article_modified_time":"2025-09-17T17:37:56+00:00","twitter_card":"summary_large_image","twitter_misc":{"Written by":"Rafaela Gregorio","Est. reading time":"5 minutos"},"schema":{"@context":"https:\/\/schema.org","@graph":[{"@type":"WebSite","@id":"https:\/\/thejobsdigger.com\/#website","url":"https:\/\/thejobsdigger.com\/","name":"The Jobs Digger","description":"","potentialAction":[{"@type":"SearchAction","target":{"@type":"EntryPoint","urlTemplate":"https:\/\/thejobsdigger.com\/?s={search_term_string}"},"query-input":"required name=search_term_string"}],"inLanguage":"pt-BR"},{"@type":"WebPage","@id":"https:\/\/thejobsdigger.com\/cow-feed-rec-aldi-germany-jobs\/#webpage","url":"https:\/\/thejobsdigger.com\/cow-feed-rec-aldi-germany-jobs\/","name":"Recommendation TJD - ALDI Germany jobs - The Jobs Digger","isPartOf":{"@id":"https:\/\/thejobsdigger.com\/#website"},"datePublished":"2025-09-17T17:36:01+00:00","dateModified":"2025-09-17T17:37:56+00:00","author":{"@id":"https:\/\/thejobsdigger.com\/#\/schema\/person\/415cddaa2139267cbf16298b0eeb339f"},"description":"Find career opportunities at ALDI Germany with competitive salaries, great benefits, and room for professional growth.","breadcrumb":{"@id":"https:\/\/thejobsdigger.com\/cow-feed-rec-aldi-germany-jobs\/#breadcrumb"},"inLanguage":"pt-BR","potentialAction":[{"@type":"ReadAction","target":["https:\/\/thejobsdigger.com\/cow-feed-rec-aldi-germany-jobs\/"]}]},{"@type":"BreadcrumbList","@id":"https:\/\/thejobsdigger.com\/cow-feed-rec-aldi-germany-jobs\/#breadcrumb","itemListElement":[{"@type":"ListItem","position":1,"name":"Home","item":"https:\/\/thejobsdigger.com\/"},{"@type":"ListItem","position":2,"name":"Recommendation TJD &#8211; ALDI Germany jobs"}]},{"@type":"Person","@id":"https:\/\/thejobsdigger.com\/#\/schema\/person\/415cddaa2139267cbf16298b0eeb339f","name":"Rafaela Gregorio","image":{"@type":"ImageObject","inLanguage":"pt-BR","@id":"https:\/\/thejobsdigger.com\/#\/schema\/person\/image\/","url":"https:\/\/secure.gravatar.com\/avatar\/896114155b61e0c2f10a07a5dea38c84?s=96&d=mm&r=g","contentUrl":"https:\/\/secure.gravatar.com\/avatar\/896114155b61e0c2f10a07a5dea38c84?s=96&d=mm&r=g","caption":"Rafaela Gregorio"},"url":"https:\/\/thejobsdigger.com\/pt\/author\/rafaela-gregorio\/"}]}},"_links":{"self":[{"href":"https:\/\/thejobsdigger.com\/pt\/wp-json\/wp\/v2\/posts\/1396"}],"collection":[{"href":"https:\/\/thejobsdigger.com\/pt\/wp-json\/wp\/v2\/posts"}],"about":[{"href":"https:\/\/thejobsdigger.com\/pt\/wp-json\/wp\/v2\/types\/post"}],"author":[{"embeddable":true,"href":"https:\/\/thejobsdigger.com\/pt\/wp-json\/wp\/v2\/users\/14"}],"replies":[{"embeddable":true,"href":"https:\/\/thejobsdigger.com\/pt\/wp-json\/wp\/v2\/comments?post=1396"}],"version-history":[{"count":0,"href":"https:\/\/thejobsdigger.com\/pt\/wp-json\/wp\/v2\/posts\/1396\/revisions"}],"wp:attachment":[{"href":"https:\/\/thejobsdigger.com\/pt\/wp-json\/wp\/v2\/media?parent=1396"}],"wp:term":[{"taxonomy":"category","embeddable":true,"href":"https:\/\/thejobsdigger.com\/pt\/wp-json\/wp\/v2\/categories?post=1396"},{"taxonomy":"post_tag","embeddable":true,"href":"https:\/\/thejobsdigger.com\/pt\/wp-json\/wp\/v2\/tags?post=1396"}],"curies":[{"name":"wp","href":"https:\/\/api.w.org\/{rel}","templated":true}]}}