{"id":1390,"date":"2025-09-17T17:06:45","date_gmt":"2025-09-17T17:06:45","guid":{"rendered":"https:\/\/thejobsdigger.com\/?p=1390"},"modified":"2025-09-17T17:06:49","modified_gmt":"2025-09-17T17:06:49","slug":"aldi-germany-jobs","status":"publish","type":"post","link":"https:\/\/thejobsdigger.com\/pt\/aldi-germany-jobs\/","title":{"rendered":"Empregos na ALDI Alemanha: como garantir seu lugar em uma das maiores redes de varejo da Europa"},"content":{"rendered":"<!--advertisement--><div class=\"mx-5 sm:mx-0 sm:text-3xl text-2xl font-medium title-font mb-4 text-gray-900 text-left\">\n<h2 class=\"wp-block-heading\" id=\"h-discover-why-working-at-aldi-is-a-unique-opportunity-and-which-positions-are-available\">Descubra por que trabalhar na ALDI \u00e9 uma oportunidade \u00fanica e quais vagas est\u00e3o dispon\u00edveis.<\/h2>\n<\/div><!--image--><div class=\"px-5 sm:px-0 sm:w-[800px] sm:ml-[50%] sm:-translate-x-2\/4 rounded-lg overflow-hidden mb-5 text-center\">\n<figure class=\"wp-block-image size-full is-resized\"><img decoding=\"async\" width=\"385\" height=\"247\" loading=\"lazy\" src=\"https:\/\/thejobsdigger.com\/wp-content\/uploads\/2025\/09\/aldi_cms_corpsustainability.jpg\" alt=\"\" class=\"w-full object-cover object-center border mx-auto wp-image-1392\" style=\"object-fit:contain;width:800px;height:384px\" srcset=\"https:\/\/thejobsdigger.com\/wp-content\/uploads\/2025\/09\/aldi_cms_corpsustainability.jpg 385w, https:\/\/thejobsdigger.com\/wp-content\/uploads\/2025\/09\/aldi_cms_corpsustainability-300x192.jpg 300w, https:\/\/thejobsdigger.com\/wp-content\/uploads\/2025\/09\/aldi_cms_corpsustainability-18x12.jpg 18w\" sizes=\"(max-width: 385px) 100vw, 385px\" \/><figcaption class=\"mt-5 text-xs text-center border-b pb-4\">Construa sua carreira em um dos principais varejistas do mundo. Fonte: ALDI<\/figcaption><\/figure>\n<\/div><!--image--><div class=\"mx-5 sm:mx-0 prose leading-relaxed text-lg mb-5 text-left wp-paragraph\">\n<p><strong>Empregos na ALDI Alemanha<\/strong> est\u00e3o entre as oportunidades de emprego mais procuradas no setor varejista do pa\u00eds, e n\u00e3o \u00e9 por acaso.<\/p>\n<\/div><div class=\"mx-5 sm:mx-0 prose leading-relaxed text-lg mb-5 text-left wp-paragraph\">\n<p>Com presen\u00e7a em praticamente todas as regi\u00f5es, a ALDI oferece n\u00e3o apenas empregos, mas tamb\u00e9m carreiras s\u00f3lidas, com benef\u00edcios atrativos e perspectivas de crescimento para diferentes perfis profissionais.<\/p>\n<\/div><div class=\"mx-5 sm:mx-0 prose leading-relaxed text-lg mb-5 text-left wp-paragraph\">\n<p>Neste artigo, voc\u00ea descobrir\u00e1 por que a ALDI \u00e9 refer\u00eancia no mercado de trabalho, quais s\u00e3o as principais vagas dispon\u00edveis, como funciona o processo seletivo e quais benef\u00edcios exclusivos s\u00e3o oferecidos aos colaboradores.<\/p>\n<\/div><div class=\"mx-5 sm:mx-0 prose leading-relaxed text-lg mb-5 text-left wp-paragraph\">\n<p>Se voc\u00ea quer construir uma carreira em uma das redes varejistas mais respeitadas do pa\u00eds, continue lendo e saiba como dar o pr\u00f3ximo passo.<\/p>\n<\/div><!--advertisement--><div class=\"mx-5 sm:mx-0 sm:text-3xl text-2xl font-medium title-font mb-4 text-gray-900 text-left\">\n<h2 class=\"wp-block-heading\">ALDI: mais do que um supermercado<\/h2>\n<\/div><div class=\"mx-5 sm:mx-0 prose leading-relaxed text-lg mb-5 text-left wp-paragraph\">\n<p>A ALDI nasceu na Alemanha e se tornou um dos maiores nomes do varejo global. Hoje, est\u00e1 presente em mais de 20 pa\u00edses, com milhares de lojas na Europa, Estados Unidos e outros lugares.<\/p>\n<\/div><div class=\"mx-5 sm:mx-0 prose leading-relaxed text-lg mb-5 text-left wp-paragraph\">\n<p>Na Alemanha, a marca \u00e9 sin\u00f4nimo de conveni\u00eancia, pre\u00e7os competitivos e qualidade. Seu modelo de neg\u00f3cios \u00e9 reconhecido pela efici\u00eancia, simplicidade no atendimento e capacidade de se adaptar rapidamente \u00e0s necessidades do consumidor.<\/p>\n<\/div><div class=\"mx-5 sm:mx-0 prose leading-relaxed text-lg mb-5 text-left wp-paragraph\">\n<p>No entanto, a relev\u00e2ncia do ALDI vai al\u00e9m de suas prateleiras. A empresa tamb\u00e9m \u00e9 conhecida por valorizar seus funcion\u00e1rios. Sua cultura organizacional \u00e9 baseada no respeito, na meritocracia e no incentivo ao desenvolvimento profissional. Por esse motivo, o ALDI \u00e9 frequentemente citado como um dos melhores empregadores do pa\u00eds.<\/p>\n<\/div><div class=\"mx-5 sm:mx-0 prose leading-relaxed text-lg mb-5 text-left wp-paragraph\">\n<p>Trabalhar na ALDI n\u00e3o significa simplesmente ocupar um cargo em uma rede de supermercados. Para muitos, \u00e9 a chance de construir uma carreira s\u00f3lida em uma empresa que combina tradi\u00e7\u00e3o e inova\u00e7\u00e3o, oferecendo estabilidade e oportunidades de crescimento a longo prazo.<\/p>\n<\/div><!--advertisement--><div class=\"mx-5 sm:mx-0 sm:text-3xl text-2xl font-medium title-font mb-4 text-gray-900 text-left\">\n<h2 class=\"wp-block-heading\">Principais \u00e1reas de trabalho na ALDI<\/h2>\n<\/div><div class=\"mx-5 sm:mx-0 prose leading-relaxed text-lg mb-5 text-left wp-paragraph\">\n<p>A ALDI oferece vagas para diferentes perfis profissionais, desde cargos operacionais at\u00e9 cargos de gest\u00e3o. Essa diversidade torna a empresa uma excelente op\u00e7\u00e3o tanto para quem est\u00e1 come\u00e7ando a carreira quanto para profissionais experientes.<\/p>\n<\/div><!--advertisement--><div class=\"mx-5 sm:mx-0 sm:text-3xl text-2xl font-medium title-font mb-4 text-gray-900 text-left\">\n<h3 class=\"wp-block-heading\">Lojas:<\/h3>\n<\/div><div class=\"mx-5 sm:mx-0 prose leading-relaxed text-lg mb-5 text-left wp-paragraph\">\n<p>A maioria das oportunidades est\u00e1 em unidades de varejo. As vagas incluem caixa, estoquista, assistente de atendimento ao cliente e gerente de loja. Essas posi\u00e7\u00f5es exigem dinamismo, foco no cliente e capacidade de lidar com m\u00faltiplas tarefas simultaneamente.<\/p>\n<\/div><!--advertisement--><div class=\"mx-5 sm:mx-0 sm:text-3xl text-2xl font-medium title-font mb-4 text-gray-900 text-left\">\n<h3 class=\"wp-block-heading\"><strong>Centros log\u00edsticos<\/strong>:<\/h3>\n<\/div><div class=\"mx-5 sm:mx-0 prose leading-relaxed text-lg mb-5 text-left wp-paragraph\">\n<p>A ALDI possui uma forte estrutura log\u00edstica que garante o fornecimento de produtos para suas lojas em toda a Alemanha. As vagas nesses centros incluem operadores de empilhadeiras, assistentes de armaz\u00e9m, gerentes de log\u00edstica e profissionais de transporte.<\/p>\n<\/div><!--advertisement--><div class=\"mx-5 sm:mx-0 sm:text-3xl text-2xl font-medium title-font mb-4 text-gray-900 text-left\">\n<h3 class=\"wp-block-heading\"><strong>Escrit\u00f3rios administrativos<\/strong>:<\/h3>\n<\/div><div class=\"mx-5 sm:mx-0 prose leading-relaxed text-lg mb-5 text-left wp-paragraph\">\n<p>A \u00e1rea administrativa tamb\u00e9m oferece muitas oportunidades. \u00c1reas como recursos humanos, finan\u00e7as, marketing, jur\u00eddico e tecnologia da informa\u00e7\u00e3o t\u00eam vagas para profissionais especializados. Essas fun\u00e7\u00f5es s\u00e3o ideais para quem busca atuar em posi\u00e7\u00f5es estrat\u00e9gicas.<\/p>\n<\/div><!--advertisement--><div class=\"mx-5 sm:mx-0 sm:text-3xl text-2xl font-medium title-font mb-4 text-gray-900 text-left\">\n<h3 class=\"wp-block-heading\"><strong>Programas de est\u00e1gio e trainee<\/strong>:<\/h3>\n<\/div><div class=\"mx-5 sm:mx-0 prose leading-relaxed text-lg mb-5 text-left wp-paragraph\">\n<p>O ALDI investe no desenvolvimento de novos talentos por meio de programas voltados para estudantes e rec\u00e9m-formados. Esses programas permitem que jovens profissionais adquiram experi\u00eancia pr\u00e1tica e se preparem para futuras fun\u00e7\u00f5es de lideran\u00e7a.<\/p>\n<\/div><div class=\"mx-5 sm:mx-0 prose leading-relaxed text-lg mb-5 text-left wp-paragraph\">\n<p>Al\u00e9m disso, a ALDI oferece empregos de per\u00edodo integral, meio per\u00edodo e contratos espec\u00edficos, facilitando o equil\u00edbrio entre a vida profissional e as necessidades pessoais ou acad\u00eamicas.<\/p>\n<\/div><!--advertisement--><div class=\"mx-5 sm:mx-0 sm:text-3xl text-2xl font-medium title-font mb-4 text-gray-900 text-left\">\n<h2 class=\"wp-block-heading\">O perfil ideal para trabalhar na ALDI<\/h2>\n<\/div><div class=\"mx-5 sm:mx-0 prose leading-relaxed text-lg mb-5 text-left wp-paragraph\">\n<p>O sucesso no processo de recrutamento depende n\u00e3o apenas da qualifica\u00e7\u00e3o t\u00e9cnica, mas tamb\u00e9m do alinhamento com o perfil desejado pela empresa.<\/p>\n<\/div><div class=\"mx-5 sm:mx-0 prose leading-relaxed text-lg mb-5 text-left wp-paragraph\">\n<p>A ALDI valoriza profissionais com forte senso de responsabilidade e comprometimento com resultados. O trabalho em equipe \u00e9 essencial, especialmente em lojas e centros log\u00edsticos, onde a coopera\u00e7\u00e3o \u00e9 fundamental para manter a efici\u00eancia.<\/p>\n<\/div><div class=\"mx-5 sm:mx-0 prose leading-relaxed text-lg mb-5 text-left wp-paragraph\">\n<p>Agilidade tamb\u00e9m \u00e9 importante. O varejo \u00e9 um setor din\u00e2mico, onde decis\u00f5es r\u00e1pidas e solu\u00e7\u00f5es pr\u00e1ticas fazem a diferen\u00e7a. A empresa valoriza candidatos proativos, capazes de identificar melhorias e propor solu\u00e7\u00f5es.<\/p>\n<\/div><div class=\"mx-5 sm:mx-0 prose leading-relaxed text-lg mb-5 text-left wp-paragraph\">\n<p>Em rela\u00e7\u00e3o aos requisitos formais, estes variam de acordo com a fun\u00e7\u00e3o. Para cargos em lojas e log\u00edstica, espera-se profici\u00eancia em alem\u00e3o, pois a intera\u00e7\u00e3o com clientes e colegas \u00e9 constante.<\/p>\n<\/div><!--advertisement--><div class=\"mx-5 sm:mx-0 sm:text-3xl text-2xl font-medium title-font mb-4 text-gray-900 text-left\">\n<h2 class=\"wp-block-heading\">Como funciona o processo de recrutamento da ALDI<\/h2>\n<\/div><div class=\"mx-5 sm:mx-0 prose leading-relaxed text-lg mb-5 text-left wp-paragraph\">\n<p>Candidatar-se a uma vaga na ALDI \u00e9 relativamente simples, mas exige aten\u00e7\u00e3o em cada etapa.<\/p>\n<\/div><div class=\"mx-5 sm:mx-0 prose leading-relaxed text-lg mb-5 text-left wp-paragraph\">\n<p>O primeiro passo \u00e9 acessar o portal oficial de carreiras da empresa, onde todas as vagas dispon\u00edveis s\u00e3o publicadas. As oportunidades podem ser filtradas por regi\u00e3o, \u00e1rea de atua\u00e7\u00e3o e tipo de contrato.<\/p>\n<\/div><div class=\"wp-block-lazyblock-credit-card lazyblock-credit-card-Z9Ve6B\"><section class=\"credit-card mx-5 sm:mx-0 text-gray-600 body-font  my-10 border-gray-200 border-b border-l border-r sm:border-0\">\n  <div class=\"h-1 bg-gray-200 rounded overflow-hidden\">\n    <div class=\"w-24 h-full\"><\/div>\n  <\/div>\n  <div class=\"container px-5 sm:px-0 py-6 mx-auto\" data-anchor-target=\"lazyBlock\">\n    <div class=\"flex flex-wrap mx-auto\">\n      <a class=\"lg:w-2\/5 w-full lg:pl-6 mt-6 lg:mt-0\" href=\"https:\/\/aldi-sued-holding-careers.com\/\" data-analytics-label=\"creditCardImage\" data-action=\"analytics#trackCTA\" >\n        <img decoding=\"async\" class=\"w-full h-64 object-cover object-center rounded\" loading=\"lazy\" alt=\"card\" style=\"height: 190px;\" src=\"https:\/\/thejobsdigger.com\/wp-content\/uploads\/2025\/09\/aldi.png\">\n      <\/a>\n      <div class=\"lg:w-3\/5 w-full lg:pl-6 mt-6 lg:mt-0\">\n        <h2 class=\"text-sm title-font text-gray-500 tracking-widest uppercase\">\n          Local na rede Internet        <\/h2>\n        <h1 class=\"text-gray-900 text-3xl title-font font-medium mb-1\">\n          ALDI        <\/h1>\n        <div class=\"flex mb-4 justify-center sm:justify-start\">\n          \n                      <span class=\"inline-block py-1 px-2 rounded text-xs font-medium tracking-widest uppercase mr-2\">\n              Encomendar Online            <\/span>\n                    \n        <\/div>\n        <p class=\"leading-relaxed\">\n          Visite o portal oficial de carreiras da ALDI e encontre o emprego certo para voc\u00ea.        <\/p>\n        <div class=\"flex mt-6 items-center pb-5 border-b-2 border-gray-100 mb-5\">\n          \n        <\/div>\n        <div class=\"flex\">\n          <a data-km2-rewarded=\"true\" style=\"font-size: 13px;\" class=\"hidden animate-fade-in flex m-auto sm:mr-0 sm:ml-auto\" rel=\"sponsored\" href=\"https:\/\/aldi-sued-holding-careers.com\/\" data-analytics-label=\"creditCardButton\" data-action=\"analytics#trackCTA\"  >\n            <button class=\"uppercase flex m-auto sm:mr-0 sm:ml-auto border-0 py-2 px-4 focus:outline-none rounded  disabled:opacity-50\">\n              ACESSE AGORA            <\/button>\n          <\/a>\n          <a data-km2-rewarded=\"false\" style=\"font-size: 15px;\" class=\"flex m-auto sm:mr-0 sm:ml-auto\" rel=\"sponsored\" href=\"https:\/\/aldi-sued-holding-careers.com\/\" data-analytics-label=\"creditCardButton\" data-action=\"analytics#trackCTA\"  >\n            <button id=\"offer-first\" class=\"flex m-auto sm:mr-0 sm:ml-auto border-0 py-2 px-6 focus:outline-none rounded  disabled:opacity-50\">\n              ACESSE AGORA            <\/button>\n          <\/a>\n        <\/div>\n        <p class=\"text-xs text-gray-500 mt-3 text-center sm:text-right\">\n          Voc\u00ea ser\u00e1 redirecionado para outro site        <\/p>\n      <\/div>\n    <\/div>\n  <\/div>\n\n    <script type=\"module\"> function waitFor(conditionFunction) { const poll = resolve => { if(conditionFunction()) resolve(); else setTimeout(_ => poll(resolve), 400); }; return new Promise(poll); } import { Application, Controller } from \"\/wp-content\/themes\/twentytwentyone\/assets\/js\/stimulus.min.js\"; let Stimulus = Application.start(); Stimulus.register(\"anchor\", class extends Controller { static get targets() { return [ \"lazyBlock\", \"lazyBlockAnchor\" ]; } initialize() { this.active = false; this.passed = false; this.closed = false; this.anchorViews = 0; this.boundOnShowAnchor = this.onShowAnchor.bind(this); window.anchorReady = window.anchorReady || false; waitFor(_ => (window.scrollY > this.getHeightBlock() && !this.active)) .then(_ => { !window.anchorReady? this.visible() : ''; window.anchorReady = true; }); if (document.getElementById('landing')) { setTimeout(() => { !window.anchorReady ? this.visible() : ''; window.anchorReady = true; }, 1 * 30000); }; } connect() { this.onShowAnchor(); document.addEventListener(\"scroll\", this.boundOnShowAnchor); } disconnect() { document.removeEventListener(\"scroll\", this.boundOnShowAnchor); } visible() { if (document.getElementById('av-offerwall__wrapper')) { setTimeout(() => this.visible(), 20000); return; } if (document.getElementById('av-fixed__bottomWrapper') && document.getElementById('av-fixed__bottomWrapper').style.display !== 'none' && document.getElementById('av-fixed__bottomWrapper').getBoundingClientRect().height > 100) { setTimeout(() => this.visible(), 1000); return; } if (document.getElementById('av-fixed__bottomWrapper') && document.getElementById('av-fixed__bottomWrapper').style.display !== 'none' && document.getElementById('av-fixed__bottomWrapper').getBoundingClientRect().height > 10) { this.getAnchorElement().style.marginBottom = '60px'; } if (document.querySelector('[data-anchor-shown=\"true\"]') && document.querySelector('[data-anchor-shown=\"true\"]').style.bottom === '0px') { setTimeout(() => this.visible(), 1000); return; } if (!window.km2AnchorReady) { this.active = true; \/*this.getAnchorElement().style.animation = \"none\"; this.getAnchorElement().classList.remove('animate-show-down');*\/ \/*this.getAnchorElement().classList.add('animate-show-up');*\/ \/*setTimeout(() => {*\/ \/*this.getAnchorElement().style.animation = \"\";*\/ this.getAnchorElement().classList.add('animate-show-up'); this.getAnchorElement().classList.remove('hidden'); this.setAnchorViews(this.anchorViews+1); setTimeout(() => this.closeAnchor(), 20000); waitFor(_ => (document.getElementById('av-fixed__bottomWrapper') && document.getElementById('av-fixed__bottomWrapper').style.display !== 'none' && document.getElementById('av-fixed__bottomWrapper').getBoundingClientRect().height > 10 && this.getAnchorElement().style.marginBottom !== '60px')) .then(_ => { this.closeAnchor(); }); this.active = false; \/*}, 10);*\/ } } invisible() { this.active = true; this.getAnchorElement().style.animation = \"none\"; this.getAnchorElement().classList.remove('animate-show-up'); this.getAnchorElement().classList.add('animate-show-down'); setTimeout(() => { this.getAnchorElement().style.animation = \"\"; setTimeout(() => { this.getAnchorElement().classList.add('hidden'); this.active = false; }, 800); }, 10); } onShowAnchor() { let anchorReady = false;  \/*if (!this.active && !anchorReady) { if (this.getAnchorViews() <= 3) { if (window.scrollY > this.getHeightBlock()) { if (!this.passed && !this.closed) { this.visible(); this.passed = true; } } else { if (this.passed) { this.invisible(); this.passed = false; } } } else { if (!this.getAnchorElement().classList.contains('close')) { this.getAnchorElement().classList.add('close'); if (window.scrollY < this.getHeightBlock()) { this.invisible(); } } } }*\/ } closeAnchor() { if (this.closed) return; this.invisible(); this.getAnchorElement().classList.add('close'); this.closed = true; } getAnchorElement() { return this.lazyBlockAnchorTargets[0]; } getAnchorViews() { this.anchorViews = parseInt(sessionStorage.getItem(\"anchorViews\")) >= 1 ? parseInt(sessionStorage.getItem(\"anchorViews\")) : 0; return this.anchorViews; } setAnchorViews(views) { sessionStorage.setItem(\"anchorViews\", views); } getHeightBlock() { return this.lazyBlockTarget.offsetTop + this.lazyBlockTarget.offsetHeight - 110; } }) <\/script>  <div data-anchor-target=\"lazyBlockAnchor\" class=\"fixed w-full sm:w-96 px-3 py-2 bottom-0 left-0 hidden\" style=\"z-index: 999999;\" name=\"lazyBlockAnchor\">\n    <div class=\"grid justify-items-stretch\">        \n              <div class=\"relative justify-self-end top-4 -right-2\">\n          <button data-no-translation class=\"bg-white text-md font-medium text-center rounded-full h-7 w-7 border-2\" data-analytics-label=\"anchorCloseAnchor\" data-action=\"anchor#closeAnchor\" style=\"z-index: 999999;\">\n            X\n          <\/button>\n        <\/div>\n        <div class=\"justify-self-auto flex flex-col h-32 bg-white border-solid border-2 shadow-md rounded-md\">\n          <div class=\"flex my-0 h-full\">\n            <div class=\"w-2\/5 p-1 ml-2 mt-2 w-full\">\n              <a href=\"https:\/\/aldi-sued-holding-careers.com\/\" rel=\"sponsored\" data-analytics-label=\"anchorImage\" data-action=\"analytics#trackCTA\">          \n                <img decoding=\"async\" loading=\"lazy\" alt=\"card\" class=\"w-full object-cover h-24 object-center rounded justify-self-auto border-2 border-gray-100\" src=\"https:\/\/thejobsdigger.com\/wp-content\/uploads\/2025\/09\/aldi.png\">          \n              <\/a>\n            <\/div>\n            <div class=\"w-3\/5 my-2\">\n              <p class=\"px-4 text-center text-xs h-1\/2\">\n                Visite o portal oficial de carreiras da ALDI e encontre o emprego certo\u2026              <\/p>\n              <a href=\"https:\/\/aldi-sued-holding-careers.com\/\" rel=\"sponsored\" data-analytics-label=\"anchorButton\" data-action=\"analytics#trackCTA\" >\n                <button class=\"flex w-5\/6 m-auto mt-2 border-0 py-1 px-3 focus:outline-none rounded\">                \n                  <p class=\"text-center w-full\" style=\"font-size: 0.67rem;\">\n                    ACESSE AGORA                  <\/p>\n                <\/button>\n              <\/a>\n              <p class=\"text-gray-500 text-center mt-1\" style=\"font-size: 0.50rem;\">\n                Voc\u00ea ser\u00e1 redirecionado para outro site              <\/p>\n            <\/div>\n          <\/div>\n        <\/div>\n          <\/div>\n  <\/div>\n<\/section><\/div><div class=\"mx-5 sm:mx-0 prose leading-relaxed text-lg mb-5 text-left wp-paragraph\">\n<p>Ap\u00f3s escolher a vaga desejada, os candidatos devem preencher o formul\u00e1rio de candidatura e enviar seus documentos. O curr\u00edculo deve seguir o formato tradicional alem\u00e3o, claro e direto, destacando experi\u00eancias e conquistas anteriores.<\/p>\n<\/div><div class=\"mx-5 sm:mx-0 prose leading-relaxed text-lg mb-5 text-left wp-paragraph\">\n<p>A carta de apresenta\u00e7\u00e3o \u00e9 igualmente importante, pois permite que o candidato explique por que deseja fazer parte da ALDI e como pode contribuir para a empresa.<\/p>\n<\/div><div class=\"mx-5 sm:mx-0 prose leading-relaxed text-lg mb-5 text-left wp-paragraph\">\n<p>Caso o perfil corresponda, o candidato ser\u00e1 convocado para uma entrevista, que pode ser presencial ou online. Dependendo da vaga, tamb\u00e9m poder\u00e3o ser exigidos testes pr\u00e1ticos ou atividades em grupo.<\/p>\n<\/div><div class=\"mx-5 sm:mx-0 prose leading-relaxed text-lg mb-5 text-left wp-paragraph\">\n<p>Por fim, os candidatos aprovados recebem uma oferta de emprego e passam por etapas de integra\u00e7\u00e3o na empresa. Para aumentar as chances de sucesso, \u00e9 essencial se preparar cuidadosamente para a entrevista, demonstrando n\u00e3o apenas habilidades t\u00e9cnicas, mas tamb\u00e9m alinhamento com a cultura da ALDI.<\/p>\n<\/div><!--advertisement--><div class=\"mx-5 sm:mx-0 sm:text-3xl text-2xl font-medium title-font mb-4 text-gray-900 text-left\">\n<h2 class=\"wp-block-heading\">Benef\u00edcios e vantagens de trabalhar na ALDI<\/h2>\n<\/div><div class=\"mx-5 sm:mx-0 prose leading-relaxed text-lg mb-5 text-left wp-paragraph\">\n<p>A ALDI se destaca n\u00e3o apenas como uma das maiores redes de varejo da Alemanha e da Europa, mas tamb\u00e9m como uma empresa que investe pesadamente no bem-estar dos funcion\u00e1rios.<\/p>\n<\/div><div class=\"mx-5 sm:mx-0 prose leading-relaxed text-lg mb-5 text-left wp-paragraph\">\n<p>O pacote de benef\u00edcios vai muito al\u00e9m de sal\u00e1rios competitivos e inclui vantagens que apoiam diretamente a qualidade de vida, a sa\u00fade e o equil\u00edbrio entre vida pessoal e profissional.<\/p>\n<\/div><!--advertisement--><div class=\"mx-5 sm:mx-0 sm:text-3xl text-2xl font-medium title-font mb-4 text-gray-900 text-left\">\n<h3 class=\"wp-block-heading\"><strong>F\u00e9rias prolongadas<\/strong><\/h3>\n<\/div><div class=\"mx-5 sm:mx-0 prose leading-relaxed text-lg mb-5 text-left wp-paragraph\">\n<p>Todos os funcion\u00e1rios da ALDI S\u00dcD HOLDING t\u00eam direito a seis semanas de f\u00e9rias anuais. Esse tempo adicional permite mais momentos com a fam\u00edlia, amigos e lazer, garantindo verdadeiro descanso e motiva\u00e7\u00e3o no trabalho.<\/p>\n<\/div><!--advertisement--><div class=\"mx-5 sm:mx-0 sm:text-3xl text-2xl font-medium title-font mb-4 text-gray-900 text-left\">\n<h3 class=\"wp-block-heading\"><strong>Apoio \u00e0 fam\u00edlia e ao cuidado infantil<\/strong><\/h3>\n<\/div><div class=\"mx-5 sm:mx-0 prose leading-relaxed text-lg mb-5 text-left wp-paragraph\">\n<p>A empresa oferece um pacote completo de assist\u00eancia infantil, incluindo apoio financeiro para crian\u00e7as pequenas, assist\u00eancia emergencial para cuidados infantis e at\u00e9 acampamentos de ver\u00e3o. Essa iniciativa ajuda os funcion\u00e1rios a equilibrar as responsabilidades profissionais e familiares.<\/p>\n<\/div><!--advertisement--><div class=\"mx-5 sm:mx-0 sm:text-3xl text-2xl font-medium title-font mb-4 text-gray-900 text-left\">\n<h3 class=\"wp-block-heading\"><strong>Trabalho h\u00edbrido e Workation<\/strong><\/h3>\n<\/div><div class=\"mx-5 sm:mx-0 prose leading-relaxed text-lg mb-5 text-left wp-paragraph\">\n<p>Flexibilidade \u00e9 outro valor fundamental na ALDI. O modelo h\u00edbrido permite at\u00e9 13 dias de trabalho remoto por m\u00eas na \u00c1ustria, al\u00e9m do benef\u00edcio &quot;Workation&quot;, que permite aos funcion\u00e1rios trabalhar at\u00e9 30 dias por ano em pa\u00edses selecionados. <\/p>\n<\/div><div class=\"mx-5 sm:mx-0 prose leading-relaxed text-lg mb-5 text-left wp-paragraph\">\n<p>Esta pol\u00edtica promove produtividade e qualidade de vida, dando mais liberdade aos funcion\u00e1rios.<\/p>\n<\/div><!--advertisement--><div class=\"mx-5 sm:mx-0 sm:text-3xl text-2xl font-medium title-font mb-4 text-gray-900 text-left\">\n<h3 class=\"wp-block-heading\"><strong>Bem-estar f\u00edsico e mental<\/strong><\/h3>\n<\/div><div class=\"mx-5 sm:mx-0 prose leading-relaxed text-lg mb-5 text-left wp-paragraph\">\n<p>Para apoiar a sa\u00fade dos funcion\u00e1rios, a empresa subsidia o acesso a atividades f\u00edsicas, presenciais e online, na Alemanha e na \u00c1ustria. Tamb\u00e9m oferece aconselhamento psicol\u00f3gico gratuito e uma plataforma abrangente de sa\u00fade mental para garantir o bem-estar dentro e fora do local de trabalho.<\/p>\n<\/div><!--advertisement--><div class=\"mx-5 sm:mx-0 sm:text-3xl text-2xl font-medium title-font mb-4 text-gray-900 text-left\">\n<h3 class=\"wp-block-heading\"><strong>Benef\u00edcios para a sa\u00fade<\/strong><\/h3>\n<\/div><div class=\"mx-5 sm:mx-0 prose leading-relaxed text-lg mb-5 text-left wp-paragraph\">\n<p>Os funcion\u00e1rios tamb\u00e9m desfrutam de descontos em planos de sa\u00fade privados selecionados na \u00c1ustria, ajudando a reduzir custos e proporcionando maior seguran\u00e7a para o futuro.<\/p>\n<\/div><!--advertisement--><div class=\"mx-5 sm:mx-0 sm:text-3xl text-2xl font-medium title-font mb-4 text-gray-900 text-left\">\n<h3 class=\"wp-block-heading\"><strong>Comida saud\u00e1vel<\/strong><\/h3>\n<\/div><div class=\"mx-5 sm:mx-0 prose leading-relaxed text-lg mb-5 text-left wp-paragraph\">\n<p>Nos escrit\u00f3rios da ALDI, os funcion\u00e1rios t\u00eam acesso a op\u00e7\u00f5es gratuitas de alimentos org\u00e2nicos e saud\u00e1veis, incentivando uma nutri\u00e7\u00e3o balanceada que beneficia tanto as pessoas quanto o planeta.<\/p>\n<\/div><!--advertisement--><div class=\"mx-5 sm:mx-0 sm:text-3xl text-2xl font-medium title-font mb-4 text-gray-900 text-left\">\n<h3 class=\"wp-block-heading\"><strong>Mobilidade sustent\u00e1vel<\/strong><\/h3>\n<\/div><div class=\"mx-5 sm:mx-0 prose leading-relaxed text-lg mb-5 text-left wp-paragraph\">\n<p>Com foco na sustentabilidade, o ALDI oferece programas de aluguel de bicicletas com economia de at\u00e9 20%, tornando o ciclismo mais acess\u00edvel e atrativo. Al\u00e9m disso, o Work Ticket oferece transporte p\u00fablico subsidiado, facilitando os deslocamentos di\u00e1rios e reduzindo o impacto ambiental.<\/p>\n<\/div><!--advertisement--><div class=\"mx-5 sm:mx-0 sm:text-3xl text-2xl font-medium title-font mb-4 text-gray-900 text-left\">\n<h3 class=\"wp-block-heading\"><strong>Descontos exclusivos<\/strong><\/h3>\n<\/div><div class=\"mx-5 sm:mx-0 prose leading-relaxed text-lg mb-5 text-left wp-paragraph\">\n<p>Outra vantagem \u00e9 o acesso a descontos em uma ampla gama de produtos e servi\u00e7os, incluindo moda, viagens, esportes e muito mais, ajudando os funcion\u00e1rios a economizar nas despesas do dia a dia.<\/p>\n<\/div><!--advertisement--><div class=\"mx-5 sm:mx-0 sm:text-3xl text-2xl font-medium title-font mb-4 text-gray-900 text-left\">\n<h3 class=\"wp-block-heading\"><strong>Licen\u00e7a sab\u00e1tica<\/strong><\/h3>\n<\/div><div class=\"mx-5 sm:mx-0 prose leading-relaxed text-lg mb-5 text-left wp-paragraph\">\n<p>Ap\u00f3s um determinado per\u00edodo de servi\u00e7o, os funcion\u00e1rios podem solicitar licen\u00e7a sab\u00e1tica. Esse per\u00edodo pode ser usado para viagens, projetos pessoais ou simplesmente para descansar, contribuindo para um equil\u00edbrio mais saud\u00e1vel entre vida pessoal e profissional.<\/p>\n<\/div><!--advertisement--><div class=\"mx-5 sm:mx-0 sm:text-3xl text-2xl font-medium title-font mb-4 text-gray-900 text-left\">\n<h3 class=\"wp-block-heading\"><strong>Assist\u00eancia para realoca\u00e7\u00e3o<\/strong><\/h3>\n<\/div><div class=\"mx-5 sm:mx-0 prose leading-relaxed text-lg mb-5 text-left wp-paragraph\">\n<p>Para funcion\u00e1rios que se mudam do exterior, o ALDI oferece suporte abrangente para facilitar a transi\u00e7\u00e3o. O subs\u00eddio de realoca\u00e7\u00e3o de at\u00e9 \u20ac 3.000 inclui ajuda para encontrar moradia, orienta\u00e7\u00e3o organizacional e assist\u00eancia financeira adicional, garantindo um in\u00edcio tranquilo para uma nova carreira em outro pa\u00eds.<\/p>\n<\/div><div class=\"mx-5 sm:mx-0 prose leading-relaxed text-lg mb-5 text-left wp-paragraph\">\n<p>Este robusto pacote de benef\u00edcios reflete o compromisso da ALDI em ser n\u00e3o apenas uma empregadora confi\u00e1vel, mas tamb\u00e9m uma parceira no desenvolvimento pessoal e profissional de cada funcion\u00e1rio. <\/p>\n<\/div><div class=\"mx-5 sm:mx-0 prose leading-relaxed text-lg mb-5 text-left wp-paragraph\">\n<p>Trabalhar na ALDI significa ter acesso a um ambiente que promove o crescimento e oportunidades reais para alcan\u00e7ar equil\u00edbrio e bem-estar em todas as \u00e1reas da vida.<\/p>\n<\/div><!--advertisement--><div class=\"mx-5 sm:mx-0 sm:text-3xl text-2xl font-medium title-font mb-4 text-gray-900 text-left\">\n<h2 class=\"wp-block-heading\" id=\"h-living-and-working-in-germany-what-to-expect\">Viver e trabalhar na Alemanha: o que esperar<\/h2>\n<\/div><div class=\"mx-5 sm:mx-0 prose leading-relaxed text-lg mb-5 text-left wp-paragraph\">\n<p>Para quem j\u00e1 mora na Alemanha, juntar-se \u00e0 equipe do ALDI significa seguran\u00e7a e s\u00f3lidas perspectivas de carreira. O varejo \u00e9 um dos setores mais din\u00e2micos do pa\u00eds, e a presen\u00e7a do ALDI em quase todas as regi\u00f5es facilita a busca por oportunidades de emprego nas proximidades.<\/p>\n<\/div><div class=\"mx-5 sm:mx-0 prose leading-relaxed text-lg mb-5 text-left wp-paragraph\">\n<p>Os sal\u00e1rios variam dependendo da fun\u00e7\u00e3o, mas a ALDI geralmente oferece remunera\u00e7\u00e3o justa e competitiva. Cargos de n\u00edvel b\u00e1sico, como caixas e estoquistas, j\u00e1 oferecem sal\u00e1rios mais altos do que muitos concorrentes. Para cargos de ger\u00eancia e administrativos, os sal\u00e1rios s\u00e3o ainda mais atrativos.<\/p>\n<\/div><div class=\"mx-5 sm:mx-0 prose leading-relaxed text-lg mb-5 text-left wp-paragraph\">\n<p>Al\u00e9m da remunera\u00e7\u00e3o, a estabilidade \u00e9 um grande atrativo. A ALDI \u00e9 uma marca consolidada com forte presen\u00e7a no mercado, garantindo seguran\u00e7a no emprego mesmo em tempos de incerteza econ\u00f4mica.<\/p>\n<\/div><div class=\"mx-5 sm:mx-0 prose leading-relaxed text-lg mb-5 text-left wp-paragraph\">\n<p>Outro destaque \u00e9 a qualidade de vida na Alemanha. Com infraestrutura eficiente, servi\u00e7os p\u00fablicos de alta qualidade e transporte acess\u00edvel, trabalhar em uma empresa s\u00f3lida como a ALDI permite que os funcion\u00e1rios desfrutem plenamente desses benef\u00edcios.<\/p>\n<\/div><!--advertisement--><div class=\"mx-5 sm:mx-0 sm:text-3xl text-2xl font-medium title-font mb-4 text-gray-900 text-left\">\n<h2 class=\"wp-block-heading\">Por que trabalhar na ALDI \u00e9 uma escolha inteligente<\/h2>\n<\/div><div class=\"mx-5 sm:mx-0 prose leading-relaxed text-lg mb-5 text-left wp-paragraph\">\n<p>Escolher uma carreira na ALDI significa ingressar em uma empresa que combina tradi\u00e7\u00e3o, inova\u00e7\u00e3o e estabilidade.<\/p>\n<\/div><div class=\"mx-5 sm:mx-0 prose leading-relaxed text-lg mb-5 text-left wp-paragraph\">\n<p>A marca \u00e9 respeitada n\u00e3o apenas pelos clientes, mas tamb\u00e9m pelos profissionais que a reconhecem como uma das empregadoras mais confi\u00e1veis do pa\u00eds.<\/p>\n<\/div><div class=\"mx-5 sm:mx-0 prose leading-relaxed text-lg mb-5 text-left wp-paragraph\">\n<p>Os principais motivos incluem estabilidade, oportunidades de crescimento profissional, investimento cont\u00ednuo em pessoas e a capacidade de encontrar empregos em toda a Alemanha.<\/p>\n<\/div><div class=\"mx-5 sm:mx-0 prose leading-relaxed text-lg mb-5 text-left wp-paragraph\">\n<p>Seja para quem est\u00e1 entrando no mercado de trabalho ou para profissionais experientes que buscam novos desafios, a ALDI oferece o ambiente ideal para construir uma carreira s\u00f3lida.<\/p>\n<\/div><!--advertisement--><div class=\"mx-5 sm:mx-0 sm:text-3xl text-2xl font-medium title-font mb-4 text-gray-900 text-left\">\n<h2 class=\"wp-block-heading\">Conclus\u00e3o<\/h2>\n<\/div><div class=\"mx-5 sm:mx-0 prose leading-relaxed text-lg mb-5 text-left wp-paragraph\">\n<p>A ALDI \u00e9 mais do que uma rede de supermercados: \u00e9 uma das maiores empregadoras da Alemanha e oferece aos seus funcion\u00e1rios uma rara combina\u00e7\u00e3o de estabilidade, desenvolvimento profissional e benef\u00edcios que realmente fazem a diferen\u00e7a.<\/p>\n<\/div><div class=\"mx-5 sm:mx-0 prose leading-relaxed text-lg mb-5 text-left wp-paragraph\">\n<p>Se voc\u00ea est\u00e1 procurando uma carreira significativa em um ambiente que valoriza efici\u00eancia, dedica\u00e7\u00e3o e bem-estar, <strong>empregos na ALDI Alemanha<\/strong> pode ser o caminho ideal.<\/p>\n<\/div><div class=\"mx-5 sm:mx-0 prose leading-relaxed text-lg mb-5 text-left wp-paragraph\">\n<p>O pr\u00f3ximo passo \u00e9 explorar as oportunidades em aberto e come\u00e7ar sua jornada profissional em uma das marcas mais reconhecidas do varejo global.<\/p>\n<\/div><div class=\"mx-5 sm:mx-0 prose leading-relaxed text-lg mb-5 text-left wp-paragraph\">\n<p>E se voc\u00ea quiser descobrir outras op\u00e7\u00f5es de carreira no mercado de trabalho alem\u00e3o, n\u00e3o perca nosso pr\u00f3ximo artigo sobre <strong>empregos na Kaufland Alemanha<\/strong>, outro gigante do varejo que tamb\u00e9m oferece excelentes oportunidades de crescimento.<\/p>\n<\/div><div class=\"wp-block-lazyblock-cta lazyblock-cta-Z2qr21\">\n  <section class=\"cta mx-5 sm:mx-0 text-gray-600 body-font my-10 border-gray-200 border-b border-l border-r sm:border-0\">\n    <div class=\"h-1 bg-gray-200 rounded overflow-hidden\">\n      <div class=\"w-24 h-full\"><\/div>\n    <\/div>\n    <div class=\"container px-5 pt-6 pb-6 mx-auto flex flex-wrap\" data-anchor-target=\"lazyBlock\">    \n    \n            <h2 class=\"w-full sm:text-3xl text-2xl text-gray-900 font-medium title-font mb-2 text-center md:text-left md:w-2\/5\">\n        <a href=\"https:\/\/thejobsdigger.com\/pt\/kaufland-is-hiring\/\" data-analytics-label=\"ctaTitle\" data-action=\"analytics#trackCTA\" aria-label=\"A Kaufland Alemanha est\u00e1 contratando\">\n            A Kaufland Alemanha est\u00e1 contratando        <\/a>\n      <\/h2>\n      <div class=\"w-full md:w-3\/5 md:pl-6\">\n        <p class=\"text-center md:text-left leading-relaxed text-base\">\n            Descubra as \u00faltimas vagas de emprego na Kaufland Alemanha e d\u00ea o pr\u00f3ximo passo na sua carreira.        <\/p>\n        <div class=\"flex mt-6 w-full flex-1 justify-center ml-auto md:mt-4 md:justify-start\" style=\"font-weight: bold;\">\n          <a class=\"inline-flex items-center\" href=\"https:\/\/thejobsdigger.com\/pt\/kaufland-is-hiring\/\"  data-analytics-label=\"ctaButton\" data-action=\"analytics#trackCTA\" >\n            Continuar lendo            <svg fill=\"none\" stroke=\"currentColor\" stroke-linecap=\"round\" stroke-linejoin=\"round\" stroke-width=\"2\" class=\"w-4 h-4 ml-2\" viewbox=\"0 0 24 24\">\n              <path d=\"M5 12h14M12 5l7 7-7 7\"><\/path>\n            <\/svg>\n          <\/a>\n        <\/div>\n      <\/div>  \n          \n    <\/div>\n      <script type=\"module\"> function waitFor(conditionFunction) { const poll = resolve => { if(conditionFunction()) resolve(); else setTimeout(_ => poll(resolve), 400); }; return new Promise(poll); } import { Application, Controller } from \"\/wp-content\/themes\/twentytwentyone\/assets\/js\/stimulus.min.js\"; let Stimulus = Application.start(); Stimulus.register(\"anchor\", class extends Controller { static get targets() { return [ \"lazyBlock\", \"lazyBlockAnchor\" ]; } initialize() { this.active = false; this.passed = false; this.closed = false; this.anchorViews = 0; this.boundOnShowAnchor = this.onShowAnchor.bind(this); window.anchorReady = window.anchorReady || false; waitFor(_ => (window.scrollY > this.getHeightBlock() && !this.active)) .then(_ => { !window.anchorReady? this.visible() : ''; window.anchorReady = true; }); if (document.getElementById('landing')) { setTimeout(() => { !window.anchorReady ? this.visible() : ''; window.anchorReady = true; }, 1 * 30000); }; } connect() { this.onShowAnchor(); document.addEventListener(\"scroll\", this.boundOnShowAnchor); } disconnect() { document.removeEventListener(\"scroll\", this.boundOnShowAnchor); } visible() { if (document.getElementById('av-offerwall__wrapper')) { setTimeout(() => this.visible(), 20000); return; } if (document.getElementById('av-fixed__bottomWrapper') && document.getElementById('av-fixed__bottomWrapper').style.display !== 'none' && document.getElementById('av-fixed__bottomWrapper').getBoundingClientRect().height > 100) { setTimeout(() => this.visible(), 1000); return; } if (document.getElementById('av-fixed__bottomWrapper') && document.getElementById('av-fixed__bottomWrapper').style.display !== 'none' && document.getElementById('av-fixed__bottomWrapper').getBoundingClientRect().height > 10) { this.getAnchorElement().style.marginBottom = '60px'; } if (document.querySelector('[data-anchor-shown=\"true\"]') && document.querySelector('[data-anchor-shown=\"true\"]').style.bottom === '0px') { setTimeout(() => this.visible(), 1000); return; } if (!window.km2AnchorReady) { this.active = true; \/*this.getAnchorElement().style.animation = \"none\"; this.getAnchorElement().classList.remove('animate-show-down');*\/ \/*this.getAnchorElement().classList.add('animate-show-up');*\/ \/*setTimeout(() => {*\/ \/*this.getAnchorElement().style.animation = \"\";*\/ this.getAnchorElement().classList.add('animate-show-up'); this.getAnchorElement().classList.remove('hidden'); this.setAnchorViews(this.anchorViews+1); setTimeout(() => this.closeAnchor(), 20000); waitFor(_ => (document.getElementById('av-fixed__bottomWrapper') && document.getElementById('av-fixed__bottomWrapper').style.display !== 'none' && document.getElementById('av-fixed__bottomWrapper').getBoundingClientRect().height > 10 && this.getAnchorElement().style.marginBottom !== '60px')) .then(_ => { this.closeAnchor(); }); this.active = false; \/*}, 10);*\/ } } invisible() { this.active = true; this.getAnchorElement().style.animation = \"none\"; this.getAnchorElement().classList.remove('animate-show-up'); this.getAnchorElement().classList.add('animate-show-down'); setTimeout(() => { this.getAnchorElement().style.animation = \"\"; setTimeout(() => { this.getAnchorElement().classList.add('hidden'); this.active = false; }, 800); }, 10); } onShowAnchor() { let anchorReady = false;  \/*if (!this.active && !anchorReady) { if (this.getAnchorViews() <= 3) { if (window.scrollY > this.getHeightBlock()) { if (!this.passed && !this.closed) { this.visible(); this.passed = true; } } else { if (this.passed) { this.invisible(); this.passed = false; } } } else { if (!this.getAnchorElement().classList.contains('close')) { this.getAnchorElement().classList.add('close'); if (window.scrollY < this.getHeightBlock()) { this.invisible(); } } } }*\/ } closeAnchor() { if (this.closed) return; this.invisible(); this.getAnchorElement().classList.add('close'); this.closed = true; } getAnchorElement() { return this.lazyBlockAnchorTargets[0]; } getAnchorViews() { this.anchorViews = parseInt(sessionStorage.getItem(\"anchorViews\")) >= 1 ? parseInt(sessionStorage.getItem(\"anchorViews\")) : 0; return this.anchorViews; } setAnchorViews(views) { sessionStorage.setItem(\"anchorViews\", views); } getHeightBlock() { return this.lazyBlockTarget.offsetTop + this.lazyBlockTarget.offsetHeight - 110; } }) <\/script>  <div data-anchor-target=\"lazyBlockAnchor\" class=\"fixed w-full sm:w-96 px-3 py-2 bottom-0 left-0 hidden\" style=\"z-index: 999999;\" name=\"lazyBlockAnchor\">\n    <div class=\"grid justify-items-stretch\">        \n              <div class=\"relative justify-self-end top-4 -right-2\">\n          <button data-no-translation class=\"bg-white text-md font-medium text-center rounded-full h-7 w-7 border-2\" data-analytics-label=\"anchorCloseAnchor\" data-action=\"anchor#closeAnchor\" style=\"z-index: 999999;\">\n            X\n          <\/button>\n        <\/div>\n        <div class=\"w-full justify-self-start flex flex-col h-32 bg-white border-solid border-2 shadow-md rounded-md\">\n          <div class=\"mx-2 h-1\/2\">\n            <p class=\"px-5 text-center pt-4 text-sm\">\n              A Kaufland Alemanha est\u00e1 contratando            <\/p>\n          <\/div>\n          <div class=\"mx-2 mt-1 bottom-0 h-1\/2\">\n            <a class=\"w-full m-auto\" href=\"https:\/\/thejobsdigger.com\/pt\/kaufland-is-hiring\/\"  data-analytics-label=\"anchorButton\" data-action=\"analytics#trackCTA\" >\n              <button class=\"flex m-auto border-0 py-2 px-6 focus:outline-none rounded text-center text-sm\">\n                Continuar lendo              <\/button>\n            <\/a>\n            <p class=\"text-gray-500 text-center mt-1\" style=\"font-size: 0.50rem;\">\n              Voc\u00ea permanecer\u00e1 no mesmo site  \n            <\/p>\n          <\/div>\n        <\/div>\n          <\/div>\n  <\/div>\n  <\/section>\n\n<\/div>","protected":false},"excerpt":{"rendered":"<p>Procurando emprego na Alemanha? Confira as vagas da ALDI e junte-se a um dos principais empregadores do varejo europeu.<\/p>","protected":false},"author":14,"featured_media":1392,"comment_status":"open","ping_status":"open","sticky":false,"template":"","format":"standard","meta":{"footnotes":""},"categories":[7],"tags":[],"yoast_head":"<!-- This site is optimized with the Yoast SEO Premium plugin v18.7 (Yoast SEO v19.1) - https:\/\/yoast.com\/wordpress\/plugins\/seo\/ -->\n<title>Jobs at ALDI Germany: How to Secure Your Place in One of the Largest Retail Chains in Europe - The Jobs Digger<\/title>\n<meta name=\"description\" content=\"Explore ALDI Germany jobs and build a solid career with one of Europe\u2019s largest and most respected retail chains.\" \/>\n<meta name=\"robots\" content=\"index, follow, max-snippet:-1, max-image-preview:large, max-video-preview:-1\" \/>\n<link rel=\"canonical\" href=\"https:\/\/thejobsdigger.com\/pt\/aldi-germany-jobs\/\" \/>\n<meta property=\"og:locale\" content=\"pt_BR\" \/>\n<meta property=\"og:type\" content=\"article\" \/>\n<meta property=\"og:title\" content=\"Jobs at ALDI Germany: How to Secure Your Place in One of the Largest Retail Chains in Europe\" \/>\n<meta property=\"og:description\" content=\"Explore ALDI Germany jobs and build a solid career with one of Europe\u2019s largest and most respected retail chains.\" \/>\n<meta property=\"og:url\" content=\"https:\/\/thejobsdigger.com\/pt\/aldi-germany-jobs\/\" \/>\n<meta property=\"og:site_name\" content=\"The Jobs Digger\" \/>\n<meta property=\"article:published_time\" content=\"2025-09-17T17:06:45+00:00\" \/>\n<meta property=\"article:modified_time\" content=\"2025-09-17T17:06:49+00:00\" \/>\n<meta property=\"og:image\" content=\"https:\/\/thejobsdigger.com\/wp-content\/uploads\/2025\/09\/aldi_cms_corpsustainability.jpg\" \/>\n\t<meta property=\"og:image:width\" content=\"385\" \/>\n\t<meta property=\"og:image:height\" content=\"247\" \/>\n\t<meta property=\"og:image:type\" content=\"image\/jpeg\" \/>\n<meta name=\"twitter:card\" content=\"summary_large_image\" \/>\n<meta name=\"twitter:label1\" content=\"Written by\" \/>\n\t<meta name=\"twitter:data1\" content=\"Rafaela Gregorio\" \/>\n\t<meta name=\"twitter:label2\" content=\"Est. reading time\" \/>\n\t<meta name=\"twitter:data2\" content=\"8 minutos\" \/>\n<script type=\"application\/ld+json\" class=\"yoast-schema-graph\">{\"@context\":\"https:\/\/schema.org\",\"@graph\":[{\"@type\":\"WebSite\",\"@id\":\"https:\/\/thejobsdigger.com\/#website\",\"url\":\"https:\/\/thejobsdigger.com\/\",\"name\":\"The Jobs Digger\",\"description\":\"\",\"potentialAction\":[{\"@type\":\"SearchAction\",\"target\":{\"@type\":\"EntryPoint\",\"urlTemplate\":\"https:\/\/thejobsdigger.com\/?s={search_term_string}\"},\"query-input\":\"required name=search_term_string\"}],\"inLanguage\":\"pt-BR\"},{\"@type\":\"ImageObject\",\"inLanguage\":\"pt-BR\",\"@id\":\"https:\/\/thejobsdigger.com\/aldi-germany-jobs\/#primaryimage\",\"url\":\"https:\/\/thejobsdigger.com\/wp-content\/uploads\/2025\/09\/aldi_cms_corpsustainability.jpg\",\"contentUrl\":\"https:\/\/thejobsdigger.com\/wp-content\/uploads\/2025\/09\/aldi_cms_corpsustainability.jpg\",\"width\":385,\"height\":247},{\"@type\":\"WebPage\",\"@id\":\"https:\/\/thejobsdigger.com\/aldi-germany-jobs\/#webpage\",\"url\":\"https:\/\/thejobsdigger.com\/aldi-germany-jobs\/\",\"name\":\"Jobs at ALDI Germany: How to Secure Your Place in One of the Largest Retail Chains in Europe - The Jobs Digger\",\"isPartOf\":{\"@id\":\"https:\/\/thejobsdigger.com\/#website\"},\"primaryImageOfPage\":{\"@id\":\"https:\/\/thejobsdigger.com\/aldi-germany-jobs\/#primaryimage\"},\"datePublished\":\"2025-09-17T17:06:45+00:00\",\"dateModified\":\"2025-09-17T17:06:49+00:00\",\"author\":{\"@id\":\"https:\/\/thejobsdigger.com\/#\/schema\/person\/9bf2af05b16ba585cc3921d3eb1ae8cc\"},\"description\":\"Explore ALDI Germany jobs and build a solid career with one of Europe\u2019s largest and most respected retail chains.\",\"breadcrumb\":{\"@id\":\"https:\/\/thejobsdigger.com\/aldi-germany-jobs\/#breadcrumb\"},\"inLanguage\":\"pt-BR\",\"potentialAction\":[{\"@type\":\"ReadAction\",\"target\":[\"https:\/\/thejobsdigger.com\/aldi-germany-jobs\/\"]}]},{\"@type\":\"BreadcrumbList\",\"@id\":\"https:\/\/thejobsdigger.com\/aldi-germany-jobs\/#breadcrumb\",\"itemListElement\":[{\"@type\":\"ListItem\",\"position\":1,\"name\":\"Home\",\"item\":\"https:\/\/thejobsdigger.com\/\"},{\"@type\":\"ListItem\",\"position\":2,\"name\":\"Jobs at ALDI Germany: How to Secure Your Place in One of the Largest Retail Chains in Europe\"}]},{\"@type\":\"Person\",\"@id\":\"https:\/\/thejobsdigger.com\/#\/schema\/person\/9bf2af05b16ba585cc3921d3eb1ae8cc\",\"name\":\"Rafaela Gregorio\",\"image\":{\"@type\":\"ImageObject\",\"inLanguage\":\"pt-BR\",\"@id\":\"https:\/\/thejobsdigger.com\/#\/schema\/person\/image\/\",\"url\":\"https:\/\/secure.gravatar.com\/avatar\/896114155b61e0c2f10a07a5dea38c84?s=96&d=mm&r=g\",\"contentUrl\":\"https:\/\/secure.gravatar.com\/avatar\/896114155b61e0c2f10a07a5dea38c84?s=96&d=mm&r=g\",\"caption\":\"Rafaela Gregorio\"},\"url\":\"https:\/\/thejobsdigger.com\/pt\/author\/rafaela-gregorio\/\"}]}<\/script>\n<!-- \/ Yoast SEO Premium plugin. -->","yoast_head_json":{"title":"Jobs at ALDI Germany: How to Secure Your Place in One of the Largest Retail Chains in Europe - The Jobs Digger","description":"Explore ALDI Germany jobs and build a solid career with one of Europe\u2019s largest and most respected retail chains.","robots":{"index":"index","follow":"follow","max-snippet":"max-snippet:-1","max-image-preview":"max-image-preview:large","max-video-preview":"max-video-preview:-1"},"canonical":"https:\/\/thejobsdigger.com\/pt\/aldi-germany-jobs\/","og_locale":"pt_BR","og_type":"article","og_title":"Jobs at ALDI Germany: How to Secure Your Place in One of the Largest Retail Chains in Europe","og_description":"Explore ALDI Germany jobs and build a solid career with one of Europe\u2019s largest and most respected retail chains.","og_url":"https:\/\/thejobsdigger.com\/pt\/aldi-germany-jobs\/","og_site_name":"The Jobs Digger","article_published_time":"2025-09-17T17:06:45+00:00","article_modified_time":"2025-09-17T17:06:49+00:00","og_image":[{"width":385,"height":247,"url":"https:\/\/thejobsdigger.com\/wp-content\/uploads\/2025\/09\/aldi_cms_corpsustainability.jpg","type":"image\/jpeg"}],"twitter_card":"summary_large_image","twitter_misc":{"Written by":"Rafaela Gregorio","Est. reading time":"8 minutos"},"schema":{"@context":"https:\/\/schema.org","@graph":[{"@type":"WebSite","@id":"https:\/\/thejobsdigger.com\/#website","url":"https:\/\/thejobsdigger.com\/","name":"The Jobs Digger","description":"","potentialAction":[{"@type":"SearchAction","target":{"@type":"EntryPoint","urlTemplate":"https:\/\/thejobsdigger.com\/?s={search_term_string}"},"query-input":"required name=search_term_string"}],"inLanguage":"pt-BR"},{"@type":"ImageObject","inLanguage":"pt-BR","@id":"https:\/\/thejobsdigger.com\/aldi-germany-jobs\/#primaryimage","url":"https:\/\/thejobsdigger.com\/wp-content\/uploads\/2025\/09\/aldi_cms_corpsustainability.jpg","contentUrl":"https:\/\/thejobsdigger.com\/wp-content\/uploads\/2025\/09\/aldi_cms_corpsustainability.jpg","width":385,"height":247},{"@type":"WebPage","@id":"https:\/\/thejobsdigger.com\/aldi-germany-jobs\/#webpage","url":"https:\/\/thejobsdigger.com\/aldi-germany-jobs\/","name":"Jobs at ALDI Germany: How to Secure Your Place in One of the Largest Retail Chains in Europe - The Jobs Digger","isPartOf":{"@id":"https:\/\/thejobsdigger.com\/#website"},"primaryImageOfPage":{"@id":"https:\/\/thejobsdigger.com\/aldi-germany-jobs\/#primaryimage"},"datePublished":"2025-09-17T17:06:45+00:00","dateModified":"2025-09-17T17:06:49+00:00","author":{"@id":"https:\/\/thejobsdigger.com\/#\/schema\/person\/9bf2af05b16ba585cc3921d3eb1ae8cc"},"description":"Explore ALDI Germany jobs and build a solid career with one of Europe\u2019s largest and most respected retail chains.","breadcrumb":{"@id":"https:\/\/thejobsdigger.com\/aldi-germany-jobs\/#breadcrumb"},"inLanguage":"pt-BR","potentialAction":[{"@type":"ReadAction","target":["https:\/\/thejobsdigger.com\/aldi-germany-jobs\/"]}]},{"@type":"BreadcrumbList","@id":"https:\/\/thejobsdigger.com\/aldi-germany-jobs\/#breadcrumb","itemListElement":[{"@type":"ListItem","position":1,"name":"Home","item":"https:\/\/thejobsdigger.com\/"},{"@type":"ListItem","position":2,"name":"Jobs at ALDI Germany: How to Secure Your Place in One of the Largest Retail Chains in Europe"}]},{"@type":"Person","@id":"https:\/\/thejobsdigger.com\/#\/schema\/person\/9bf2af05b16ba585cc3921d3eb1ae8cc","name":"Rafaela Gregorio","image":{"@type":"ImageObject","inLanguage":"pt-BR","@id":"https:\/\/thejobsdigger.com\/#\/schema\/person\/image\/","url":"https:\/\/secure.gravatar.com\/avatar\/896114155b61e0c2f10a07a5dea38c84?s=96&d=mm&r=g","contentUrl":"https:\/\/secure.gravatar.com\/avatar\/896114155b61e0c2f10a07a5dea38c84?s=96&d=mm&r=g","caption":"Rafaela Gregorio"},"url":"https:\/\/thejobsdigger.com\/pt\/author\/rafaela-gregorio\/"}]}},"_links":{"self":[{"href":"https:\/\/thejobsdigger.com\/pt\/wp-json\/wp\/v2\/posts\/1390"}],"collection":[{"href":"https:\/\/thejobsdigger.com\/pt\/wp-json\/wp\/v2\/posts"}],"about":[{"href":"https:\/\/thejobsdigger.com\/pt\/wp-json\/wp\/v2\/types\/post"}],"author":[{"embeddable":true,"href":"https:\/\/thejobsdigger.com\/pt\/wp-json\/wp\/v2\/users\/14"}],"replies":[{"embeddable":true,"href":"https:\/\/thejobsdigger.com\/pt\/wp-json\/wp\/v2\/comments?post=1390"}],"version-history":[{"count":0,"href":"https:\/\/thejobsdigger.com\/pt\/wp-json\/wp\/v2\/posts\/1390\/revisions"}],"wp:featuredmedia":[{"embeddable":true,"href":"https:\/\/thejobsdigger.com\/pt\/wp-json\/wp\/v2\/media\/1392"}],"wp:attachment":[{"href":"https:\/\/thejobsdigger.com\/pt\/wp-json\/wp\/v2\/media?parent=1390"}],"wp:term":[{"taxonomy":"category","embeddable":true,"href":"https:\/\/thejobsdigger.com\/pt\/wp-json\/wp\/v2\/categories?post=1390"},{"taxonomy":"post_tag","embeddable":true,"href":"https:\/\/thejobsdigger.com\/pt\/wp-json\/wp\/v2\/tags?post=1390"}],"curies":[{"name":"wp","href":"https:\/\/api.w.org\/{rel}","templated":true}]}}