{"id":1390,"date":"2025-09-17T17:06:45","date_gmt":"2025-09-17T17:06:45","guid":{"rendered":"https:\/\/thejobsdigger.com\/?p=1390"},"modified":"2025-09-17T17:06:49","modified_gmt":"2025-09-17T17:06:49","slug":"aldi-germany-jobs","status":"publish","type":"post","link":"https:\/\/thejobsdigger.com\/it\/aldi-germany-jobs\/","title":{"rendered":"Lavorare presso ALDI Germania: come assicurarsi un posto in una delle pi\u00f9 grandi catene di vendita al dettaglio in Europa"},"content":{"rendered":"<!--advertisement--><div class=\"mx-5 sm:mx-0 sm:text-3xl text-2xl font-medium title-font mb-4 text-gray-900 text-left\">\n<h2 class=\"wp-block-heading\" id=\"h-discover-why-working-at-aldi-is-a-unique-opportunity-and-which-positions-are-available\">Scopri perch\u00e9 lavorare in ALDI \u00e8 un&#039;opportunit\u00e0 unica e quali posizioni sono disponibili.<\/h2>\n<\/div><!--image--><div class=\"px-5 sm:px-0 sm:w-[800px] sm:ml-[50%] sm:-translate-x-2\/4 rounded-lg overflow-hidden mb-5 text-center\">\n<figure class=\"wp-block-image size-full is-resized\"><img decoding=\"async\" width=\"385\" height=\"247\" loading=\"lazy\" src=\"https:\/\/thejobsdigger.com\/wp-content\/uploads\/2025\/09\/aldi_cms_corpsustainability.jpg\" alt=\"\" class=\"w-full object-cover object-center border mx-auto wp-image-1392\" style=\"object-fit:contain;width:800px;height:384px\" srcset=\"https:\/\/thejobsdigger.com\/wp-content\/uploads\/2025\/09\/aldi_cms_corpsustainability.jpg 385w, https:\/\/thejobsdigger.com\/wp-content\/uploads\/2025\/09\/aldi_cms_corpsustainability-300x192.jpg 300w, https:\/\/thejobsdigger.com\/wp-content\/uploads\/2025\/09\/aldi_cms_corpsustainability-18x12.jpg 18w\" sizes=\"(max-width: 385px) 100vw, 385px\" \/><figcaption class=\"mt-5 text-xs text-center border-b pb-4\">Costruisci la tua carriera in uno dei principali rivenditori al dettaglio al mondo. Fonte: ALDI<\/figcaption><\/figure>\n<\/div><!--image--><div class=\"mx-5 sm:mx-0 prose leading-relaxed text-lg mb-5 text-left wp-paragraph\">\n<p><strong>Lavori presso ALDI Germania<\/strong> sono tra le opportunit\u00e0 di lavoro pi\u00f9 ambite nel settore della vendita al dettaglio del Paese, e non \u00e8 un caso.<\/p>\n<\/div><div class=\"mx-5 sm:mx-0 prose leading-relaxed text-lg mb-5 text-left wp-paragraph\">\n<p>Con una presenza in quasi tutte le regioni, ALDI offre non solo posti di lavoro, ma anche solide opportunit\u00e0 di carriera, con interessanti benefit e prospettive di crescita per diversi profili professionali.<\/p>\n<\/div><div class=\"mx-5 sm:mx-0 prose leading-relaxed text-lg mb-5 text-left wp-paragraph\">\n<p>In questo articolo scoprirai perch\u00e9 ALDI \u00e8 un punto di riferimento nel mercato del lavoro, quali sono le principali posizioni aperte, come funziona il processo di reclutamento e quali vantaggi esclusivi vengono offerti ai dipendenti.<\/p>\n<\/div><div class=\"mx-5 sm:mx-0 prose leading-relaxed text-lg mb-5 text-left wp-paragraph\">\n<p>Se vuoi costruire una carriera in una delle catene di vendita al dettaglio pi\u00f9 rispettate del Paese, continua a leggere e scopri come fare il passo successivo.<\/p>\n<\/div><!--advertisement--><div class=\"mx-5 sm:mx-0 sm:text-3xl text-2xl font-medium title-font mb-4 text-gray-900 text-left\">\n<h2 class=\"wp-block-heading\">ALDI: pi\u00f9 di un semplice supermercato<\/h2>\n<\/div><div class=\"mx-5 sm:mx-0 prose leading-relaxed text-lg mb-5 text-left wp-paragraph\">\n<p>ALDI \u00e8 nata in Germania ed \u00e8 cresciuta fino a diventare uno dei pi\u00f9 grandi nomi della vendita al dettaglio a livello mondiale. Oggi \u00e8 presente in oltre 20 paesi, con migliaia di negozi in Europa, negli Stati Uniti e oltre.<\/p>\n<\/div><div class=\"mx-5 sm:mx-0 prose leading-relaxed text-lg mb-5 text-left wp-paragraph\">\n<p>In Germania, il marchio \u00e8 sinonimo di convenienza, prezzi competitivi e qualit\u00e0. Il suo modello di business \u00e8 riconosciuto per l&#039;efficienza, la semplicit\u00e0 del servizio e la capacit\u00e0 di adattarsi rapidamente alle esigenze dei consumatori.<\/p>\n<\/div><div class=\"mx-5 sm:mx-0 prose leading-relaxed text-lg mb-5 text-left wp-paragraph\">\n<p>Tuttavia, la rilevanza di ALDI va oltre i suoi scaffali. L&#039;azienda \u00e8 nota anche per la sua valorizzazione dei dipendenti. La sua cultura organizzativa si basa sul rispetto, sulla meritocrazia e sull&#039;incoraggiamento allo sviluppo professionale. Per questo motivo, ALDI \u00e8 spesso citata come uno dei migliori datori di lavoro del Paese.<\/p>\n<\/div><div class=\"mx-5 sm:mx-0 prose leading-relaxed text-lg mb-5 text-left wp-paragraph\">\n<p>Lavorare in ALDI non significa semplicemente ricoprire un incarico in una catena di supermercati. Per molti, \u00e8 l&#039;opportunit\u00e0 di costruire una solida carriera in un&#039;azienda che coniuga tradizione e innovazione, offrendo stabilit\u00e0 e opportunit\u00e0 di crescita a lungo termine.<\/p>\n<\/div><!--advertisement--><div class=\"mx-5 sm:mx-0 sm:text-3xl text-2xl font-medium title-font mb-4 text-gray-900 text-left\">\n<h2 class=\"wp-block-heading\">Principali aree di lavoro presso ALDI<\/h2>\n<\/div><div class=\"mx-5 sm:mx-0 prose leading-relaxed text-lg mb-5 text-left wp-paragraph\">\n<p>ALDI offre posizioni lavorative per diversi profili professionali, da posizioni operative a ruoli dirigenziali. Questa diversit\u00e0 rende l&#039;azienda un&#039;ottima scelta sia per chi inizia la propria carriera sia per i professionisti pi\u00f9 esperti.<\/p>\n<\/div><!--advertisement--><div class=\"mx-5 sm:mx-0 sm:text-3xl text-2xl font-medium title-font mb-4 text-gray-900 text-left\">\n<h3 class=\"wp-block-heading\">Negozi:<\/h3>\n<\/div><div class=\"mx-5 sm:mx-0 prose leading-relaxed text-lg mb-5 text-left wp-paragraph\">\n<p>La maggior parte delle opportunit\u00e0 si trova nei reparti di vendita al dettaglio. I ruoli includono cassiere, addetto al magazzino, addetto al servizio clienti e responsabile di negozio. Queste posizioni richiedono dinamismo, attenzione al cliente e capacit\u00e0 di gestire pi\u00f9 attivit\u00e0 contemporaneamente.<\/p>\n<\/div><!--advertisement--><div class=\"mx-5 sm:mx-0 sm:text-3xl text-2xl font-medium title-font mb-4 text-gray-900 text-left\">\n<h3 class=\"wp-block-heading\"><strong>centri logistici<\/strong>:<\/h3>\n<\/div><div class=\"mx-5 sm:mx-0 prose leading-relaxed text-lg mb-5 text-left wp-paragraph\">\n<p>ALDI dispone di una solida struttura logistica che garantisce la fornitura dei prodotti ai suoi punti vendita in tutta la Germania. Tra le posizioni lavorative in questi centri figurano carrellisti, addetti al magazzino, responsabili della logistica e addetti ai trasporti.<\/p>\n<\/div><!--advertisement--><div class=\"mx-5 sm:mx-0 sm:text-3xl text-2xl font-medium title-font mb-4 text-gray-900 text-left\">\n<h3 class=\"wp-block-heading\"><strong>Uffici amministrativi<\/strong>:<\/h3>\n<\/div><div class=\"mx-5 sm:mx-0 prose leading-relaxed text-lg mb-5 text-left wp-paragraph\">\n<p>Anche il settore amministrativo offre numerose opportunit\u00e0. Aree come risorse umane, finanza, marketing, legale e informatica offrono opportunit\u00e0 per professionisti specializzati. Questi ruoli sono ideali per chi desidera ricoprire posizioni strategiche.<\/p>\n<\/div><!--advertisement--><div class=\"mx-5 sm:mx-0 sm:text-3xl text-2xl font-medium title-font mb-4 text-gray-900 text-left\">\n<h3 class=\"wp-block-heading\"><strong>Programmi di tirocinio e stage<\/strong>:<\/h3>\n<\/div><div class=\"mx-5 sm:mx-0 prose leading-relaxed text-lg mb-5 text-left wp-paragraph\">\n<p>ALDI investe nello sviluppo di nuovi talenti attraverso programmi rivolti a studenti e neolaureati. Questi programmi consentono ai giovani professionisti di acquisire esperienza pratica e prepararsi a futuri ruoli di leadership.<\/p>\n<\/div><div class=\"mx-5 sm:mx-0 prose leading-relaxed text-lg mb-5 text-left wp-paragraph\">\n<p>Inoltre, ALDI offre lavori a tempo pieno, part-time e contratti specifici, facilitando l&#039;equilibrio tra vita professionale ed esigenze personali o accademiche.<\/p>\n<\/div><!--advertisement--><div class=\"mx-5 sm:mx-0 sm:text-3xl text-2xl font-medium title-font mb-4 text-gray-900 text-left\">\n<h2 class=\"wp-block-heading\">Il profilo ideale per lavorare in ALDI<\/h2>\n<\/div><div class=\"mx-5 sm:mx-0 prose leading-relaxed text-lg mb-5 text-left wp-paragraph\">\n<p>Il successo nel processo di reclutamento non dipende solo dalle qualifiche tecniche, ma anche dalla corrispondenza con il profilo desiderato dall&#039;azienda.<\/p>\n<\/div><div class=\"mx-5 sm:mx-0 prose leading-relaxed text-lg mb-5 text-left wp-paragraph\">\n<p>ALDI apprezza i professionisti con un forte senso di responsabilit\u00e0 e un forte impegno verso i risultati. Il lavoro di squadra \u00e8 essenziale, soprattutto nei negozi e nei centri logistici, dove la collaborazione \u00e8 fondamentale per mantenere l&#039;efficienza.<\/p>\n<\/div><div class=\"mx-5 sm:mx-0 prose leading-relaxed text-lg mb-5 text-left wp-paragraph\">\n<p>Anche l&#039;agilit\u00e0 \u00e8 importante. Il commercio al dettaglio \u00e8 un settore dinamico in cui decisioni rapide e soluzioni pratiche fanno la differenza. L&#039;azienda apprezza candidati proattivi, in grado di individuare miglioramenti e proporre soluzioni.<\/p>\n<\/div><div class=\"mx-5 sm:mx-0 prose leading-relaxed text-lg mb-5 text-left wp-paragraph\">\n<p>Per quanto riguarda i requisiti formali, questi variano a seconda del ruolo. Per le posizioni di magazzino e logistica, \u00e8 richiesta la conoscenza del tedesco, poich\u00e9 l&#039;interazione con clienti e colleghi \u00e8 costante.<\/p>\n<\/div><!--advertisement--><div class=\"mx-5 sm:mx-0 sm:text-3xl text-2xl font-medium title-font mb-4 text-gray-900 text-left\">\n<h2 class=\"wp-block-heading\">Come funziona il processo di reclutamento ALDI<\/h2>\n<\/div><div class=\"mx-5 sm:mx-0 prose leading-relaxed text-lg mb-5 text-left wp-paragraph\">\n<p>Candidarsi per un lavoro presso ALDI \u00e8 relativamente semplice, ma richiede attenzione in ogni fase.<\/p>\n<\/div><div class=\"mx-5 sm:mx-0 prose leading-relaxed text-lg mb-5 text-left wp-paragraph\">\n<p>Il primo passo \u00e8 accedere al portale ufficiale delle carriere dell&#039;azienda, dove vengono pubblicate tutte le posizioni aperte. Le opportunit\u00e0 possono essere filtrate per regione, settore di lavoro e tipo di contratto.<\/p>\n<\/div><div class=\"wp-block-lazyblock-credit-card lazyblock-credit-card-Z9Ve6B\"><section class=\"credit-card mx-5 sm:mx-0 text-gray-600 body-font  my-10 border-gray-200 border-b border-l border-r sm:border-0\">\n  <div class=\"h-1 bg-gray-200 rounded overflow-hidden\">\n    <div class=\"w-24 h-full\"><\/div>\n  <\/div>\n  <div class=\"container px-5 sm:px-0 py-6 mx-auto\" data-anchor-target=\"lazyBlock\">\n    <div class=\"flex flex-wrap mx-auto\">\n      <a class=\"lg:w-2\/5 w-full lg:pl-6 mt-6 lg:mt-0\" href=\"https:\/\/aldi-sued-holding-careers.com\/\" data-analytics-label=\"creditCardImage\" data-action=\"analytics#trackCTA\" >\n        <img decoding=\"async\" class=\"w-full h-64 object-cover object-center rounded\" loading=\"lazy\" alt=\"card\" style=\"height: 190px;\" src=\"https:\/\/thejobsdigger.com\/wp-content\/uploads\/2025\/09\/aldi.png\">\n      <\/a>\n      <div class=\"lg:w-3\/5 w-full lg:pl-6 mt-6 lg:mt-0\">\n        <h2 class=\"text-sm title-font text-gray-500 tracking-widest uppercase\">\n          Sito web        <\/h2>\n        <h1 class=\"text-gray-900 text-3xl title-font font-medium mb-1\">\n          ALDI        <\/h1>\n        <div class=\"flex mb-4 justify-center sm:justify-start\">\n          \n                      <span class=\"inline-block py-1 px-2 rounded text-xs font-medium tracking-widest uppercase mr-2\">\n              Ordina online            <\/span>\n                    \n        <\/div>\n        <p class=\"leading-relaxed\">\n          Visita il portale ufficiale delle carriere ALDI e trova il lavoro pi\u00f9 adatto a te.        <\/p>\n        <div class=\"flex mt-6 items-center pb-5 border-b-2 border-gray-100 mb-5\">\n          \n        <\/div>\n        <div class=\"flex\">\n          <a data-km2-rewarded=\"true\" style=\"font-size: 13px;\" class=\"hidden animate-fade-in flex m-auto sm:mr-0 sm:ml-auto\" rel=\"sponsored\" href=\"https:\/\/aldi-sued-holding-careers.com\/\" data-analytics-label=\"creditCardButton\" data-action=\"analytics#trackCTA\"  >\n            <button class=\"uppercase flex m-auto sm:mr-0 sm:ml-auto border-0 py-2 px-4 focus:outline-none rounded  disabled:opacity-50\">\n              ACCEDI ORA            <\/button>\n          <\/a>\n          <a data-km2-rewarded=\"false\" style=\"font-size: 15px;\" class=\"flex m-auto sm:mr-0 sm:ml-auto\" rel=\"sponsored\" href=\"https:\/\/aldi-sued-holding-careers.com\/\" data-analytics-label=\"creditCardButton\" data-action=\"analytics#trackCTA\"  >\n            <button id=\"offer-first\" class=\"flex m-auto sm:mr-0 sm:ml-auto border-0 py-2 px-6 focus:outline-none rounded  disabled:opacity-50\">\n              ACCEDI ORA            <\/button>\n          <\/a>\n        <\/div>\n        <p class=\"text-xs text-gray-500 mt-3 text-center sm:text-right\">\n          Verrai reindirizzato a un altro sito web        <\/p>\n      <\/div>\n    <\/div>\n  <\/div>\n\n    <script type=\"module\"> function waitFor(conditionFunction) { const poll = resolve => { if(conditionFunction()) resolve(); else setTimeout(_ => poll(resolve), 400); }; return new Promise(poll); } import { Application, Controller } from \"\/wp-content\/themes\/twentytwentyone\/assets\/js\/stimulus.min.js\"; let Stimulus = Application.start(); Stimulus.register(\"anchor\", class extends Controller { static get targets() { return [ \"lazyBlock\", \"lazyBlockAnchor\" ]; } initialize() { this.active = false; this.passed = false; this.closed = false; this.anchorViews = 0; this.boundOnShowAnchor = this.onShowAnchor.bind(this); window.anchorReady = window.anchorReady || false; waitFor(_ => (window.scrollY > this.getHeightBlock() && !this.active)) .then(_ => { !window.anchorReady? this.visible() : ''; window.anchorReady = true; }); if (document.getElementById('landing')) { setTimeout(() => { !window.anchorReady ? this.visible() : ''; window.anchorReady = true; }, 1 * 30000); }; } connect() { this.onShowAnchor(); document.addEventListener(\"scroll\", this.boundOnShowAnchor); } disconnect() { document.removeEventListener(\"scroll\", this.boundOnShowAnchor); } visible() { if (document.getElementById('av-offerwall__wrapper')) { setTimeout(() => this.visible(), 20000); return; } if (document.getElementById('av-fixed__bottomWrapper') && document.getElementById('av-fixed__bottomWrapper').style.display !== 'none' && document.getElementById('av-fixed__bottomWrapper').getBoundingClientRect().height > 100) { setTimeout(() => this.visible(), 1000); return; } if (document.getElementById('av-fixed__bottomWrapper') && document.getElementById('av-fixed__bottomWrapper').style.display !== 'none' && document.getElementById('av-fixed__bottomWrapper').getBoundingClientRect().height > 10) { this.getAnchorElement().style.marginBottom = '60px'; } if (document.querySelector('[data-anchor-shown=\"true\"]') && document.querySelector('[data-anchor-shown=\"true\"]').style.bottom === '0px') { setTimeout(() => this.visible(), 1000); return; } if (!window.km2AnchorReady) { this.active = true; \/*this.getAnchorElement().style.animation = \"none\"; this.getAnchorElement().classList.remove('animate-show-down');*\/ \/*this.getAnchorElement().classList.add('animate-show-up');*\/ \/*setTimeout(() => {*\/ \/*this.getAnchorElement().style.animation = \"\";*\/ this.getAnchorElement().classList.add('animate-show-up'); this.getAnchorElement().classList.remove('hidden'); this.setAnchorViews(this.anchorViews+1); setTimeout(() => this.closeAnchor(), 20000); waitFor(_ => (document.getElementById('av-fixed__bottomWrapper') && document.getElementById('av-fixed__bottomWrapper').style.display !== 'none' && document.getElementById('av-fixed__bottomWrapper').getBoundingClientRect().height > 10 && this.getAnchorElement().style.marginBottom !== '60px')) .then(_ => { this.closeAnchor(); }); this.active = false; \/*}, 10);*\/ } } invisible() { this.active = true; this.getAnchorElement().style.animation = \"none\"; this.getAnchorElement().classList.remove('animate-show-up'); this.getAnchorElement().classList.add('animate-show-down'); setTimeout(() => { this.getAnchorElement().style.animation = \"\"; setTimeout(() => { this.getAnchorElement().classList.add('hidden'); this.active = false; }, 800); }, 10); } onShowAnchor() { let anchorReady = false;  \/*if (!this.active && !anchorReady) { if (this.getAnchorViews() <= 3) { if (window.scrollY > this.getHeightBlock()) { if (!this.passed && !this.closed) { this.visible(); this.passed = true; } } else { if (this.passed) { this.invisible(); this.passed = false; } } } else { if (!this.getAnchorElement().classList.contains('close')) { this.getAnchorElement().classList.add('close'); if (window.scrollY < this.getHeightBlock()) { this.invisible(); } } } }*\/ } closeAnchor() { if (this.closed) return; this.invisible(); this.getAnchorElement().classList.add('close'); this.closed = true; } getAnchorElement() { return this.lazyBlockAnchorTargets[0]; } getAnchorViews() { this.anchorViews = parseInt(sessionStorage.getItem(\"anchorViews\")) >= 1 ? parseInt(sessionStorage.getItem(\"anchorViews\")) : 0; return this.anchorViews; } setAnchorViews(views) { sessionStorage.setItem(\"anchorViews\", views); } getHeightBlock() { return this.lazyBlockTarget.offsetTop + this.lazyBlockTarget.offsetHeight - 110; } }) <\/script>  <div data-anchor-target=\"lazyBlockAnchor\" class=\"fixed w-full sm:w-96 px-3 py-2 bottom-0 left-0 hidden\" style=\"z-index: 999999;\" name=\"lazyBlockAnchor\">\n    <div class=\"grid justify-items-stretch\">        \n              <div class=\"relative justify-self-end top-4 -right-2\">\n          <button data-no-translation class=\"bg-white text-md font-medium text-center rounded-full h-7 w-7 border-2\" data-analytics-label=\"anchorCloseAnchor\" data-action=\"anchor#closeAnchor\" style=\"z-index: 999999;\">\n            X\n          <\/button>\n        <\/div>\n        <div class=\"justify-self-auto flex flex-col h-32 bg-white border-solid border-2 shadow-md rounded-md\">\n          <div class=\"flex my-0 h-full\">\n            <div class=\"w-2\/5 p-1 ml-2 mt-2 w-full\">\n              <a href=\"https:\/\/aldi-sued-holding-careers.com\/\" rel=\"sponsored\" data-analytics-label=\"anchorImage\" data-action=\"analytics#trackCTA\">          \n                <img decoding=\"async\" loading=\"lazy\" alt=\"card\" class=\"w-full object-cover h-24 object-center rounded justify-self-auto border-2 border-gray-100\" src=\"https:\/\/thejobsdigger.com\/wp-content\/uploads\/2025\/09\/aldi.png\">          \n              <\/a>\n            <\/div>\n            <div class=\"w-3\/5 my-2\">\n              <p class=\"px-4 text-center text-xs h-1\/2\">\n                Visita il portale ufficiale delle carriere ALDI e trova il lavoro giusto\u2026              <\/p>\n              <a href=\"https:\/\/aldi-sued-holding-careers.com\/\" rel=\"sponsored\" data-analytics-label=\"anchorButton\" data-action=\"analytics#trackCTA\" >\n                <button class=\"flex w-5\/6 m-auto mt-2 border-0 py-1 px-3 focus:outline-none rounded\">                \n                  <p class=\"text-center w-full\" style=\"font-size: 0.67rem;\">\n                    ACCEDI ORA                  <\/p>\n                <\/button>\n              <\/a>\n              <p class=\"text-gray-500 text-center mt-1\" style=\"font-size: 0.50rem;\">\n                Verrai reindirizzato a un altro sito web              <\/p>\n            <\/div>\n          <\/div>\n        <\/div>\n          <\/div>\n  <\/div>\n<\/section><\/div><div class=\"mx-5 sm:mx-0 prose leading-relaxed text-lg mb-5 text-left wp-paragraph\">\n<p>Dopo aver scelto la posizione desiderata, i candidati devono compilare il modulo di candidatura e inviare i propri documenti. Il CV deve seguire il tradizionale formato tedesco, chiaro e diretto, evidenziando le esperienze pregresse e i risultati ottenuti.<\/p>\n<\/div><div class=\"mx-5 sm:mx-0 prose leading-relaxed text-lg mb-5 text-left wp-paragraph\">\n<p>Altrettanto importante \u00e8 la lettera di presentazione, in quanto consente al candidato di spiegare perch\u00e9 desidera far parte di ALDI e in che modo pu\u00f2 dare il suo contributo all&#039;azienda.<\/p>\n<\/div><div class=\"mx-5 sm:mx-0 prose leading-relaxed text-lg mb-5 text-left wp-paragraph\">\n<p>Se il profilo corrisponde alle caratteristiche richieste, il candidato viene invitato a un colloquio, che pu\u00f2 svolgersi di persona o online. A seconda del ruolo, potrebbero essere richiesti anche test pratici o attivit\u00e0 di gruppo.<\/p>\n<\/div><div class=\"mx-5 sm:mx-0 prose leading-relaxed text-lg mb-5 text-left wp-paragraph\">\n<p>Infine, i candidati selezionati ricevono un&#039;offerta di lavoro e seguono le fasi di integrazione in azienda. Per aumentare le possibilit\u00e0 di successo, \u00e8 essenziale prepararsi accuratamente al colloquio, dimostrando non solo competenze tecniche, ma anche un allineamento con la cultura aziendale di ALDI.<\/p>\n<\/div><!--advertisement--><div class=\"mx-5 sm:mx-0 sm:text-3xl text-2xl font-medium title-font mb-4 text-gray-900 text-left\">\n<h2 class=\"wp-block-heading\">Benefici e vantaggi di lavorare presso ALDI<\/h2>\n<\/div><div class=\"mx-5 sm:mx-0 prose leading-relaxed text-lg mb-5 text-left wp-paragraph\">\n<p>ALDI si distingue non solo come una delle pi\u00f9 grandi catene di vendita al dettaglio in Germania e in Europa, ma anche come un&#039;azienda che investe molto nel benessere dei dipendenti.<\/p>\n<\/div><div class=\"mx-5 sm:mx-0 prose leading-relaxed text-lg mb-5 text-left wp-paragraph\">\n<p>Il pacchetto di benefit va ben oltre gli stipendi competitivi e include vantaggi che supportano direttamente la qualit\u00e0 della vita, la salute e l&#039;equilibrio tra lavoro e vita privata.<\/p>\n<\/div><!--advertisement--><div class=\"mx-5 sm:mx-0 sm:text-3xl text-2xl font-medium title-font mb-4 text-gray-900 text-left\">\n<h3 class=\"wp-block-heading\"><strong>Vacanza prolungata<\/strong><\/h3>\n<\/div><div class=\"mx-5 sm:mx-0 prose leading-relaxed text-lg mb-5 text-left wp-paragraph\">\n<p>Tutti i dipendenti di ALDI S\u00dcD HOLDING hanno diritto a sei settimane di ferie annuali. Questo tempo aggiuntivo consente di trascorrere pi\u00f9 tempo con la famiglia, gli amici e il tempo libero, garantendo vero riposo e motivazione sul lavoro.<\/p>\n<\/div><!--advertisement--><div class=\"mx-5 sm:mx-0 sm:text-3xl text-2xl font-medium title-font mb-4 text-gray-900 text-left\">\n<h3 class=\"wp-block-heading\"><strong>Sostegno alla famiglia e all&#039;infanzia<\/strong><\/h3>\n<\/div><div class=\"mx-5 sm:mx-0 prose leading-relaxed text-lg mb-5 text-left wp-paragraph\">\n<p>L&#039;azienda offre un pacchetto completo di assistenza all&#039;infanzia, che include supporto finanziario per i bambini piccoli, assistenza di emergenza e persino campi estivi. Questa iniziativa aiuta i dipendenti a conciliare responsabilit\u00e0 professionali e familiari.<\/p>\n<\/div><!--advertisement--><div class=\"mx-5 sm:mx-0 sm:text-3xl text-2xl font-medium title-font mb-4 text-gray-900 text-left\">\n<h3 class=\"wp-block-heading\"><strong>Lavoro ibrido e workation<\/strong><\/h3>\n<\/div><div class=\"mx-5 sm:mx-0 prose leading-relaxed text-lg mb-5 text-left wp-paragraph\">\n<p>La flessibilit\u00e0 \u00e8 un altro valore fondamentale per ALDI. Il modello ibrido consente fino a 13 giorni di lavoro da remoto al mese in Austria, insieme al benefit &quot;Workation&quot;, che consente ai dipendenti di lavorare fino a 30 giorni all&#039;anno in Paesi selezionati. <\/p>\n<\/div><div class=\"mx-5 sm:mx-0 prose leading-relaxed text-lg mb-5 text-left wp-paragraph\">\n<p>Questa politica promuove la produttivit\u00e0 e la qualit\u00e0 della vita, dando maggiore libert\u00e0 ai dipendenti.<\/p>\n<\/div><!--advertisement--><div class=\"mx-5 sm:mx-0 sm:text-3xl text-2xl font-medium title-font mb-4 text-gray-900 text-left\">\n<h3 class=\"wp-block-heading\"><strong>Benessere fisico e mentale<\/strong><\/h3>\n<\/div><div class=\"mx-5 sm:mx-0 prose leading-relaxed text-lg mb-5 text-left wp-paragraph\">\n<p>Per sostenere la salute dei dipendenti, l&#039;azienda sovvenziona l&#039;accesso ad attivit\u00e0 fisiche, sia di persona che online, in Germania e Austria. Offre inoltre consulenza psicologica gratuita e una piattaforma completa per la salute mentale, per garantire il benessere sia all&#039;interno che all&#039;esterno del luogo di lavoro.<\/p>\n<\/div><!--advertisement--><div class=\"mx-5 sm:mx-0 sm:text-3xl text-2xl font-medium title-font mb-4 text-gray-900 text-left\">\n<h3 class=\"wp-block-heading\"><strong>Benefici per la salute<\/strong><\/h3>\n<\/div><div class=\"mx-5 sm:mx-0 prose leading-relaxed text-lg mb-5 text-left wp-paragraph\">\n<p>I dipendenti possono inoltre usufruire di sconti su alcune assicurazioni sanitarie private in Austria, contribuendo a ridurre i costi e offrendo maggiore sicurezza per il futuro.<\/p>\n<\/div><!--advertisement--><div class=\"mx-5 sm:mx-0 sm:text-3xl text-2xl font-medium title-font mb-4 text-gray-900 text-left\">\n<h3 class=\"wp-block-heading\"><strong>Cibo sano<\/strong><\/h3>\n<\/div><div class=\"mx-5 sm:mx-0 prose leading-relaxed text-lg mb-5 text-left wp-paragraph\">\n<p>Negli uffici ALDI, i dipendenti hanno accesso gratuito a opzioni alimentari biologiche e salutari, incoraggiando un&#039;alimentazione equilibrata che fa bene sia alle persone che al pianeta.<\/p>\n<\/div><!--advertisement--><div class=\"mx-5 sm:mx-0 sm:text-3xl text-2xl font-medium title-font mb-4 text-gray-900 text-left\">\n<h3 class=\"wp-block-heading\"><strong>Mobilit\u00e0 sostenibile<\/strong><\/h3>\n<\/div><div class=\"mx-5 sm:mx-0 prose leading-relaxed text-lg mb-5 text-left wp-paragraph\">\n<p>Concentrandosi sulla sostenibilit\u00e0, ALDI offre programmi di noleggio biciclette con risparmi fino a 20% sui costi, rendendo l&#039;uso della bicicletta pi\u00f9 accessibile e attraente. Inoltre, il Work Ticket offre un trasporto pubblico agevolato, semplificando gli spostamenti quotidiani e riducendo l&#039;impatto ambientale.<\/p>\n<\/div><!--advertisement--><div class=\"mx-5 sm:mx-0 sm:text-3xl text-2xl font-medium title-font mb-4 text-gray-900 text-left\">\n<h3 class=\"wp-block-heading\"><strong>Sconti esclusivi<\/strong><\/h3>\n<\/div><div class=\"mx-5 sm:mx-0 prose leading-relaxed text-lg mb-5 text-left wp-paragraph\">\n<p>Un altro vantaggio \u00e8 l&#039;accesso a sconti su un&#039;ampia gamma di prodotti e servizi, tra cui moda, viaggi, sport e molto altro, aiutando i dipendenti a risparmiare sulle spese quotidiane.<\/p>\n<\/div><!--advertisement--><div class=\"mx-5 sm:mx-0 sm:text-3xl text-2xl font-medium title-font mb-4 text-gray-900 text-left\">\n<h3 class=\"wp-block-heading\"><strong>Congedo sabbatico<\/strong><\/h3>\n<\/div><div class=\"mx-5 sm:mx-0 prose leading-relaxed text-lg mb-5 text-left wp-paragraph\">\n<p>Dopo un certo periodo di servizio, i dipendenti possono richiedere un congedo sabbatico. Questo periodo di riposo pu\u00f2 essere utilizzato per viaggi, progetti personali o semplicemente per riposarsi, contribuendo a un pi\u00f9 sano equilibrio tra lavoro e vita privata.<\/p>\n<\/div><!--advertisement--><div class=\"mx-5 sm:mx-0 sm:text-3xl text-2xl font-medium title-font mb-4 text-gray-900 text-left\">\n<h3 class=\"wp-block-heading\"><strong>Assistenza al trasferimento<\/strong><\/h3>\n<\/div><div class=\"mx-5 sm:mx-0 prose leading-relaxed text-lg mb-5 text-left wp-paragraph\">\n<p>Per i dipendenti che si trasferiscono dall&#039;estero, ALDI offre un supporto completo per facilitare la transizione. L&#039;indennit\u00e0 di trasferimento fino a 3.000 euro include assistenza nella ricerca di un alloggio, consulenza organizzativa e ulteriore assistenza finanziaria, garantendo un inizio sereno della nuova carriera in un altro Paese.<\/p>\n<\/div><div class=\"mx-5 sm:mx-0 prose leading-relaxed text-lg mb-5 text-left wp-paragraph\">\n<p>Questo solido pacchetto di benefit riflette l&#039;impegno di ALDI a essere non solo un datore di lavoro affidabile, ma anche un partner nello sviluppo personale e professionale di ogni dipendente. <\/p>\n<\/div><div class=\"mx-5 sm:mx-0 prose leading-relaxed text-lg mb-5 text-left wp-paragraph\">\n<p>Lavorare in ALDI significa avere accesso a un ambiente che favorisce la crescita e offre reali opportunit\u00e0 di raggiungere equilibrio e benessere in tutti gli ambiti della vita.<\/p>\n<\/div><!--advertisement--><div class=\"mx-5 sm:mx-0 sm:text-3xl text-2xl font-medium title-font mb-4 text-gray-900 text-left\">\n<h2 class=\"wp-block-heading\" id=\"h-living-and-working-in-germany-what-to-expect\">Vivere e lavorare in Germania: cosa aspettarsi<\/h2>\n<\/div><div class=\"mx-5 sm:mx-0 prose leading-relaxed text-lg mb-5 text-left wp-paragraph\">\n<p>Per chi vive gi\u00e0 in Germania, entrare a far parte del team ALDI significa sicurezza e ottime prospettive di carriera. Il commercio al dettaglio \u00e8 uno dei settori pi\u00f9 dinamici del Paese e la presenza di ALDI in quasi tutte le regioni facilita la ricerca di opportunit\u00e0 di lavoro nelle vicinanze.<\/p>\n<\/div><div class=\"mx-5 sm:mx-0 prose leading-relaxed text-lg mb-5 text-left wp-paragraph\">\n<p>Gli stipendi variano a seconda del ruolo, ma ALDI offre generalmente una retribuzione equa e competitiva. Posizioni entry-level come cassieri e magazzinieri offrono gi\u00e0 stipendi pi\u00f9 alti rispetto a molti concorrenti. Per ruoli dirigenziali e amministrativi, gli stipendi sono ancora pi\u00f9 interessanti.<\/p>\n<\/div><div class=\"mx-5 sm:mx-0 prose leading-relaxed text-lg mb-5 text-left wp-paragraph\">\n<p>Oltre alla retribuzione, la stabilit\u00e0 \u00e8 un fattore di grande attrattiva. ALDI \u00e8 un marchio consolidato con una forte presenza sul mercato, che garantisce la sicurezza del posto di lavoro anche in periodi di incertezza economica.<\/p>\n<\/div><div class=\"mx-5 sm:mx-0 prose leading-relaxed text-lg mb-5 text-left wp-paragraph\">\n<p>Un altro punto di forza \u00e8 la qualit\u00e0 della vita in Germania. Grazie a infrastrutture efficienti, servizi pubblici di alta qualit\u00e0 e trasporti accessibili, lavorare in un&#039;azienda solida come ALDI consente ai dipendenti di godere appieno di questi vantaggi.<\/p>\n<\/div><!--advertisement--><div class=\"mx-5 sm:mx-0 sm:text-3xl text-2xl font-medium title-font mb-4 text-gray-900 text-left\">\n<h2 class=\"wp-block-heading\">Perch\u00e9 lavorare in ALDI \u00e8 una scelta intelligente<\/h2>\n<\/div><div class=\"mx-5 sm:mx-0 prose leading-relaxed text-lg mb-5 text-left wp-paragraph\">\n<p>Scegliere una carriera in ALDI significa entrare a far parte di un&#039;azienda che coniuga tradizione, innovazione e stabilit\u00e0.<\/p>\n<\/div><div class=\"mx-5 sm:mx-0 prose leading-relaxed text-lg mb-5 text-left wp-paragraph\">\n<p>Il marchio \u00e8 apprezzato non solo dai clienti, ma anche dai professionisti che lo riconoscono come uno dei datori di lavoro pi\u00f9 affidabili del Paese.<\/p>\n<\/div><div class=\"mx-5 sm:mx-0 prose leading-relaxed text-lg mb-5 text-left wp-paragraph\">\n<p>Tra i motivi principali rientrano la stabilit\u00e0, le opportunit\u00e0 di crescita professionale, gli investimenti continui nelle persone e la possibilit\u00e0 di trovare lavoro in tutta la Germania.<\/p>\n<\/div><div class=\"mx-5 sm:mx-0 prose leading-relaxed text-lg mb-5 text-left wp-paragraph\">\n<p>Che si tratti di chi si affaccia per la prima volta al mondo del lavoro o di professionisti esperti in cerca di nuove sfide, ALDI offre l&#039;ambiente ideale per costruire un solido percorso di carriera.<\/p>\n<\/div><!--advertisement--><div class=\"mx-5 sm:mx-0 sm:text-3xl text-2xl font-medium title-font mb-4 text-gray-900 text-left\">\n<h2 class=\"wp-block-heading\">Conclusione<\/h2>\n<\/div><div class=\"mx-5 sm:mx-0 prose leading-relaxed text-lg mb-5 text-left wp-paragraph\">\n<p>ALDI \u00e8 pi\u00f9 di una semplice catena di supermercati: \u00e8 uno dei maggiori datori di lavoro in Germania e offre ai suoi dipendenti una rara combinazione di stabilit\u00e0, sviluppo professionale e benefit che fanno davvero la differenza.<\/p>\n<\/div><div class=\"mx-5 sm:mx-0 prose leading-relaxed text-lg mb-5 text-left wp-paragraph\">\n<p>Se stai cercando una carriera significativa in un ambiente che valorizza l&#039;efficienza, la dedizione e il benessere, <strong>lavori presso ALDI Germania<\/strong> potrebbe essere la strada ideale.<\/p>\n<\/div><div class=\"mx-5 sm:mx-0 prose leading-relaxed text-lg mb-5 text-left wp-paragraph\">\n<p>Il passo successivo \u00e8 esplorare le opportunit\u00e0 aperte e iniziare il tuo percorso professionale presso uno dei marchi pi\u00f9 riconosciuti nel commercio al dettaglio a livello globale.<\/p>\n<\/div><div class=\"mx-5 sm:mx-0 prose leading-relaxed text-lg mb-5 text-left wp-paragraph\">\n<p>E se vuoi scoprire altre possibilit\u00e0 di carriera nel mercato del lavoro tedesco, non perderti il nostro prossimo articolo su <strong>lavori presso Kaufland Germania<\/strong>, un altro colosso della vendita al dettaglio che offre anch&#039;esso ottime opportunit\u00e0 di crescita.<\/p>\n<\/div><div class=\"wp-block-lazyblock-cta lazyblock-cta-Z2qr21\">\n  <section class=\"cta mx-5 sm:mx-0 text-gray-600 body-font my-10 border-gray-200 border-b border-l border-r sm:border-0\">\n    <div class=\"h-1 bg-gray-200 rounded overflow-hidden\">\n      <div class=\"w-24 h-full\"><\/div>\n    <\/div>\n    <div class=\"container px-5 pt-6 pb-6 mx-auto flex flex-wrap\" data-anchor-target=\"lazyBlock\">    \n    \n            <h2 class=\"w-full sm:text-3xl text-2xl text-gray-900 font-medium title-font mb-2 text-center md:text-left md:w-2\/5\">\n        <a href=\"https:\/\/thejobsdigger.com\/it\/kaufland-is-hiring\/\" data-analytics-label=\"ctaTitle\" data-action=\"analytics#trackCTA\" aria-label=\"Kaufland Germania assume\">\n            Kaufland Germania assume        <\/a>\n      <\/h2>\n      <div class=\"w-full md:w-3\/5 md:pl-6\">\n        <p class=\"text-center md:text-left leading-relaxed text-base\">\n            Scopri le ultime offerte di lavoro presso Kaufland Germania e fai il prossimo passo nella tua carriera.        <\/p>\n        <div class=\"flex mt-6 w-full flex-1 justify-center ml-auto md:mt-4 md:justify-start\" style=\"font-weight: bold;\">\n          <a class=\"inline-flex items-center\" href=\"https:\/\/thejobsdigger.com\/it\/kaufland-is-hiring\/\"  data-analytics-label=\"ctaButton\" data-action=\"analytics#trackCTA\" >\n            Continua a leggere            <svg fill=\"none\" stroke=\"currentColor\" stroke-linecap=\"round\" stroke-linejoin=\"round\" stroke-width=\"2\" class=\"w-4 h-4 ml-2\" viewbox=\"0 0 24 24\">\n              <path d=\"M5 12h14M12 5l7 7-7 7\"><\/path>\n            <\/svg>\n          <\/a>\n        <\/div>\n      <\/div>  \n          \n    <\/div>\n      <script type=\"module\"> function waitFor(conditionFunction) { const poll = resolve => { if(conditionFunction()) resolve(); else setTimeout(_ => poll(resolve), 400); }; return new Promise(poll); } import { Application, Controller } from \"\/wp-content\/themes\/twentytwentyone\/assets\/js\/stimulus.min.js\"; let Stimulus = Application.start(); Stimulus.register(\"anchor\", class extends Controller { static get targets() { return [ \"lazyBlock\", \"lazyBlockAnchor\" ]; } initialize() { this.active = false; this.passed = false; this.closed = false; this.anchorViews = 0; this.boundOnShowAnchor = this.onShowAnchor.bind(this); window.anchorReady = window.anchorReady || false; waitFor(_ => (window.scrollY > this.getHeightBlock() && !this.active)) .then(_ => { !window.anchorReady? this.visible() : ''; window.anchorReady = true; }); if (document.getElementById('landing')) { setTimeout(() => { !window.anchorReady ? this.visible() : ''; window.anchorReady = true; }, 1 * 30000); }; } connect() { this.onShowAnchor(); document.addEventListener(\"scroll\", this.boundOnShowAnchor); } disconnect() { document.removeEventListener(\"scroll\", this.boundOnShowAnchor); } visible() { if (document.getElementById('av-offerwall__wrapper')) { setTimeout(() => this.visible(), 20000); return; } if (document.getElementById('av-fixed__bottomWrapper') && document.getElementById('av-fixed__bottomWrapper').style.display !== 'none' && document.getElementById('av-fixed__bottomWrapper').getBoundingClientRect().height > 100) { setTimeout(() => this.visible(), 1000); return; } if (document.getElementById('av-fixed__bottomWrapper') && document.getElementById('av-fixed__bottomWrapper').style.display !== 'none' && document.getElementById('av-fixed__bottomWrapper').getBoundingClientRect().height > 10) { this.getAnchorElement().style.marginBottom = '60px'; } if (document.querySelector('[data-anchor-shown=\"true\"]') && document.querySelector('[data-anchor-shown=\"true\"]').style.bottom === '0px') { setTimeout(() => this.visible(), 1000); return; } if (!window.km2AnchorReady) { this.active = true; \/*this.getAnchorElement().style.animation = \"none\"; this.getAnchorElement().classList.remove('animate-show-down');*\/ \/*this.getAnchorElement().classList.add('animate-show-up');*\/ \/*setTimeout(() => {*\/ \/*this.getAnchorElement().style.animation = \"\";*\/ this.getAnchorElement().classList.add('animate-show-up'); this.getAnchorElement().classList.remove('hidden'); this.setAnchorViews(this.anchorViews+1); setTimeout(() => this.closeAnchor(), 20000); waitFor(_ => (document.getElementById('av-fixed__bottomWrapper') && document.getElementById('av-fixed__bottomWrapper').style.display !== 'none' && document.getElementById('av-fixed__bottomWrapper').getBoundingClientRect().height > 10 && this.getAnchorElement().style.marginBottom !== '60px')) .then(_ => { this.closeAnchor(); }); this.active = false; \/*}, 10);*\/ } } invisible() { this.active = true; this.getAnchorElement().style.animation = \"none\"; this.getAnchorElement().classList.remove('animate-show-up'); this.getAnchorElement().classList.add('animate-show-down'); setTimeout(() => { this.getAnchorElement().style.animation = \"\"; setTimeout(() => { this.getAnchorElement().classList.add('hidden'); this.active = false; }, 800); }, 10); } onShowAnchor() { let anchorReady = false;  \/*if (!this.active && !anchorReady) { if (this.getAnchorViews() <= 3) { if (window.scrollY > this.getHeightBlock()) { if (!this.passed && !this.closed) { this.visible(); this.passed = true; } } else { if (this.passed) { this.invisible(); this.passed = false; } } } else { if (!this.getAnchorElement().classList.contains('close')) { this.getAnchorElement().classList.add('close'); if (window.scrollY < this.getHeightBlock()) { this.invisible(); } } } }*\/ } closeAnchor() { if (this.closed) return; this.invisible(); this.getAnchorElement().classList.add('close'); this.closed = true; } getAnchorElement() { return this.lazyBlockAnchorTargets[0]; } getAnchorViews() { this.anchorViews = parseInt(sessionStorage.getItem(\"anchorViews\")) >= 1 ? parseInt(sessionStorage.getItem(\"anchorViews\")) : 0; return this.anchorViews; } setAnchorViews(views) { sessionStorage.setItem(\"anchorViews\", views); } getHeightBlock() { return this.lazyBlockTarget.offsetTop + this.lazyBlockTarget.offsetHeight - 110; } }) <\/script>  <div data-anchor-target=\"lazyBlockAnchor\" class=\"fixed w-full sm:w-96 px-3 py-2 bottom-0 left-0 hidden\" style=\"z-index: 999999;\" name=\"lazyBlockAnchor\">\n    <div class=\"grid justify-items-stretch\">        \n              <div class=\"relative justify-self-end top-4 -right-2\">\n          <button data-no-translation class=\"bg-white text-md font-medium text-center rounded-full h-7 w-7 border-2\" data-analytics-label=\"anchorCloseAnchor\" data-action=\"anchor#closeAnchor\" style=\"z-index: 999999;\">\n            X\n          <\/button>\n        <\/div>\n        <div class=\"w-full justify-self-start flex flex-col h-32 bg-white border-solid border-2 shadow-md rounded-md\">\n          <div class=\"mx-2 h-1\/2\">\n            <p class=\"px-5 text-center pt-4 text-sm\">\n              Kaufland Germania assume            <\/p>\n          <\/div>\n          <div class=\"mx-2 mt-1 bottom-0 h-1\/2\">\n            <a class=\"w-full m-auto\" href=\"https:\/\/thejobsdigger.com\/it\/kaufland-is-hiring\/\"  data-analytics-label=\"anchorButton\" data-action=\"analytics#trackCTA\" >\n              <button class=\"flex m-auto border-0 py-2 px-6 focus:outline-none rounded text-center text-sm\">\n                Continua a leggere              <\/button>\n            <\/a>\n            <p class=\"text-gray-500 text-center mt-1\" style=\"font-size: 0.50rem;\">\n              Rimarrai nello stesso sito web  \n            <\/p>\n          <\/div>\n        <\/div>\n          <\/div>\n  <\/div>\n  <\/section>\n\n<\/div>","protected":false},"excerpt":{"rendered":"<p>Cerchi lavoro in Germania? Scopri le posizioni aperte presso ALDI e unisciti a uno dei principali datori di lavoro nel commercio al dettaglio in Europa.<\/p>","protected":false},"author":14,"featured_media":1392,"comment_status":"open","ping_status":"open","sticky":false,"template":"","format":"standard","meta":{"footnotes":""},"categories":[7],"tags":[],"yoast_head":"<!-- This site is optimized with the Yoast SEO Premium plugin v18.7 (Yoast SEO v19.1) - https:\/\/yoast.com\/wordpress\/plugins\/seo\/ -->\n<title>Jobs at ALDI Germany: How to Secure Your Place in One of the Largest Retail Chains in Europe - The Jobs Digger<\/title>\n<meta name=\"description\" content=\"Explore ALDI Germany jobs and build a solid career with one of Europe\u2019s largest and most respected retail chains.\" \/>\n<meta name=\"robots\" content=\"index, follow, max-snippet:-1, max-image-preview:large, max-video-preview:-1\" \/>\n<link rel=\"canonical\" href=\"https:\/\/thejobsdigger.com\/it\/aldi-germany-jobs\/\" \/>\n<meta property=\"og:locale\" content=\"it_IT\" \/>\n<meta property=\"og:type\" content=\"article\" \/>\n<meta property=\"og:title\" content=\"Jobs at ALDI Germany: How to Secure Your Place in One of the Largest Retail Chains in Europe\" \/>\n<meta property=\"og:description\" content=\"Explore ALDI Germany jobs and build a solid career with one of Europe\u2019s largest and most respected retail chains.\" \/>\n<meta property=\"og:url\" content=\"https:\/\/thejobsdigger.com\/it\/aldi-germany-jobs\/\" \/>\n<meta property=\"og:site_name\" content=\"The Jobs Digger\" \/>\n<meta property=\"article:published_time\" content=\"2025-09-17T17:06:45+00:00\" \/>\n<meta property=\"article:modified_time\" content=\"2025-09-17T17:06:49+00:00\" \/>\n<meta property=\"og:image\" content=\"https:\/\/thejobsdigger.com\/wp-content\/uploads\/2025\/09\/aldi_cms_corpsustainability.jpg\" \/>\n\t<meta property=\"og:image:width\" content=\"385\" \/>\n\t<meta property=\"og:image:height\" content=\"247\" \/>\n\t<meta property=\"og:image:type\" content=\"image\/jpeg\" \/>\n<meta name=\"twitter:card\" content=\"summary_large_image\" \/>\n<meta name=\"twitter:label1\" content=\"Written by\" \/>\n\t<meta name=\"twitter:data1\" content=\"Rafaela Gregorio\" \/>\n\t<meta name=\"twitter:label2\" content=\"Est. reading time\" \/>\n\t<meta name=\"twitter:data2\" content=\"8 minuti\" \/>\n<script type=\"application\/ld+json\" class=\"yoast-schema-graph\">{\"@context\":\"https:\/\/schema.org\",\"@graph\":[{\"@type\":\"WebSite\",\"@id\":\"https:\/\/thejobsdigger.com\/#website\",\"url\":\"https:\/\/thejobsdigger.com\/\",\"name\":\"The Jobs Digger\",\"description\":\"\",\"potentialAction\":[{\"@type\":\"SearchAction\",\"target\":{\"@type\":\"EntryPoint\",\"urlTemplate\":\"https:\/\/thejobsdigger.com\/?s={search_term_string}\"},\"query-input\":\"required name=search_term_string\"}],\"inLanguage\":\"it-IT\"},{\"@type\":\"ImageObject\",\"inLanguage\":\"it-IT\",\"@id\":\"https:\/\/thejobsdigger.com\/aldi-germany-jobs\/#primaryimage\",\"url\":\"https:\/\/thejobsdigger.com\/wp-content\/uploads\/2025\/09\/aldi_cms_corpsustainability.jpg\",\"contentUrl\":\"https:\/\/thejobsdigger.com\/wp-content\/uploads\/2025\/09\/aldi_cms_corpsustainability.jpg\",\"width\":385,\"height\":247},{\"@type\":\"WebPage\",\"@id\":\"https:\/\/thejobsdigger.com\/aldi-germany-jobs\/#webpage\",\"url\":\"https:\/\/thejobsdigger.com\/aldi-germany-jobs\/\",\"name\":\"Jobs at ALDI Germany: How to Secure Your Place in One of the Largest Retail Chains in Europe - The Jobs Digger\",\"isPartOf\":{\"@id\":\"https:\/\/thejobsdigger.com\/#website\"},\"primaryImageOfPage\":{\"@id\":\"https:\/\/thejobsdigger.com\/aldi-germany-jobs\/#primaryimage\"},\"datePublished\":\"2025-09-17T17:06:45+00:00\",\"dateModified\":\"2025-09-17T17:06:49+00:00\",\"author\":{\"@id\":\"https:\/\/thejobsdigger.com\/#\/schema\/person\/415cddaa2139267cbf16298b0eeb339f\"},\"description\":\"Explore ALDI Germany jobs and build a solid career with one of Europe\u2019s largest and most respected retail chains.\",\"breadcrumb\":{\"@id\":\"https:\/\/thejobsdigger.com\/aldi-germany-jobs\/#breadcrumb\"},\"inLanguage\":\"it-IT\",\"potentialAction\":[{\"@type\":\"ReadAction\",\"target\":[\"https:\/\/thejobsdigger.com\/aldi-germany-jobs\/\"]}]},{\"@type\":\"BreadcrumbList\",\"@id\":\"https:\/\/thejobsdigger.com\/aldi-germany-jobs\/#breadcrumb\",\"itemListElement\":[{\"@type\":\"ListItem\",\"position\":1,\"name\":\"Home\",\"item\":\"https:\/\/thejobsdigger.com\/\"},{\"@type\":\"ListItem\",\"position\":2,\"name\":\"Jobs at ALDI Germany: How to Secure Your Place in One of the Largest Retail Chains in Europe\"}]},{\"@type\":\"Person\",\"@id\":\"https:\/\/thejobsdigger.com\/#\/schema\/person\/415cddaa2139267cbf16298b0eeb339f\",\"name\":\"Rafaela Gregorio\",\"image\":{\"@type\":\"ImageObject\",\"inLanguage\":\"it-IT\",\"@id\":\"https:\/\/thejobsdigger.com\/#\/schema\/person\/image\/\",\"url\":\"https:\/\/secure.gravatar.com\/avatar\/896114155b61e0c2f10a07a5dea38c84?s=96&d=mm&r=g\",\"contentUrl\":\"https:\/\/secure.gravatar.com\/avatar\/896114155b61e0c2f10a07a5dea38c84?s=96&d=mm&r=g\",\"caption\":\"Rafaela Gregorio\"},\"url\":\"https:\/\/thejobsdigger.com\/it\/author\/rafaela-gregorio\/\"}]}<\/script>\n<!-- \/ Yoast SEO Premium plugin. -->","yoast_head_json":{"title":"Jobs at ALDI Germany: How to Secure Your Place in One of the Largest Retail Chains in Europe - The Jobs Digger","description":"Explore ALDI Germany jobs and build a solid career with one of Europe\u2019s largest and most respected retail chains.","robots":{"index":"index","follow":"follow","max-snippet":"max-snippet:-1","max-image-preview":"max-image-preview:large","max-video-preview":"max-video-preview:-1"},"canonical":"https:\/\/thejobsdigger.com\/it\/aldi-germany-jobs\/","og_locale":"it_IT","og_type":"article","og_title":"Jobs at ALDI Germany: How to Secure Your Place in One of the Largest Retail Chains in Europe","og_description":"Explore ALDI Germany jobs and build a solid career with one of Europe\u2019s largest and most respected retail chains.","og_url":"https:\/\/thejobsdigger.com\/it\/aldi-germany-jobs\/","og_site_name":"The Jobs Digger","article_published_time":"2025-09-17T17:06:45+00:00","article_modified_time":"2025-09-17T17:06:49+00:00","og_image":[{"width":385,"height":247,"url":"https:\/\/thejobsdigger.com\/wp-content\/uploads\/2025\/09\/aldi_cms_corpsustainability.jpg","type":"image\/jpeg"}],"twitter_card":"summary_large_image","twitter_misc":{"Written by":"Rafaela Gregorio","Est. reading time":"8 minuti"},"schema":{"@context":"https:\/\/schema.org","@graph":[{"@type":"WebSite","@id":"https:\/\/thejobsdigger.com\/#website","url":"https:\/\/thejobsdigger.com\/","name":"The Jobs Digger","description":"","potentialAction":[{"@type":"SearchAction","target":{"@type":"EntryPoint","urlTemplate":"https:\/\/thejobsdigger.com\/?s={search_term_string}"},"query-input":"required name=search_term_string"}],"inLanguage":"it-IT"},{"@type":"ImageObject","inLanguage":"it-IT","@id":"https:\/\/thejobsdigger.com\/aldi-germany-jobs\/#primaryimage","url":"https:\/\/thejobsdigger.com\/wp-content\/uploads\/2025\/09\/aldi_cms_corpsustainability.jpg","contentUrl":"https:\/\/thejobsdigger.com\/wp-content\/uploads\/2025\/09\/aldi_cms_corpsustainability.jpg","width":385,"height":247},{"@type":"WebPage","@id":"https:\/\/thejobsdigger.com\/aldi-germany-jobs\/#webpage","url":"https:\/\/thejobsdigger.com\/aldi-germany-jobs\/","name":"Jobs at ALDI Germany: How to Secure Your Place in One of the Largest Retail Chains in Europe - The Jobs Digger","isPartOf":{"@id":"https:\/\/thejobsdigger.com\/#website"},"primaryImageOfPage":{"@id":"https:\/\/thejobsdigger.com\/aldi-germany-jobs\/#primaryimage"},"datePublished":"2025-09-17T17:06:45+00:00","dateModified":"2025-09-17T17:06:49+00:00","author":{"@id":"https:\/\/thejobsdigger.com\/#\/schema\/person\/415cddaa2139267cbf16298b0eeb339f"},"description":"Explore ALDI Germany jobs and build a solid career with one of Europe\u2019s largest and most respected retail chains.","breadcrumb":{"@id":"https:\/\/thejobsdigger.com\/aldi-germany-jobs\/#breadcrumb"},"inLanguage":"it-IT","potentialAction":[{"@type":"ReadAction","target":["https:\/\/thejobsdigger.com\/aldi-germany-jobs\/"]}]},{"@type":"BreadcrumbList","@id":"https:\/\/thejobsdigger.com\/aldi-germany-jobs\/#breadcrumb","itemListElement":[{"@type":"ListItem","position":1,"name":"Home","item":"https:\/\/thejobsdigger.com\/"},{"@type":"ListItem","position":2,"name":"Jobs at ALDI Germany: How to Secure Your Place in One of the Largest Retail Chains in Europe"}]},{"@type":"Person","@id":"https:\/\/thejobsdigger.com\/#\/schema\/person\/415cddaa2139267cbf16298b0eeb339f","name":"Rafaela Gregorio","image":{"@type":"ImageObject","inLanguage":"it-IT","@id":"https:\/\/thejobsdigger.com\/#\/schema\/person\/image\/","url":"https:\/\/secure.gravatar.com\/avatar\/896114155b61e0c2f10a07a5dea38c84?s=96&d=mm&r=g","contentUrl":"https:\/\/secure.gravatar.com\/avatar\/896114155b61e0c2f10a07a5dea38c84?s=96&d=mm&r=g","caption":"Rafaela Gregorio"},"url":"https:\/\/thejobsdigger.com\/it\/author\/rafaela-gregorio\/"}]}},"_links":{"self":[{"href":"https:\/\/thejobsdigger.com\/it\/wp-json\/wp\/v2\/posts\/1390"}],"collection":[{"href":"https:\/\/thejobsdigger.com\/it\/wp-json\/wp\/v2\/posts"}],"about":[{"href":"https:\/\/thejobsdigger.com\/it\/wp-json\/wp\/v2\/types\/post"}],"author":[{"embeddable":true,"href":"https:\/\/thejobsdigger.com\/it\/wp-json\/wp\/v2\/users\/14"}],"replies":[{"embeddable":true,"href":"https:\/\/thejobsdigger.com\/it\/wp-json\/wp\/v2\/comments?post=1390"}],"version-history":[{"count":0,"href":"https:\/\/thejobsdigger.com\/it\/wp-json\/wp\/v2\/posts\/1390\/revisions"}],"wp:featuredmedia":[{"embeddable":true,"href":"https:\/\/thejobsdigger.com\/it\/wp-json\/wp\/v2\/media\/1392"}],"wp:attachment":[{"href":"https:\/\/thejobsdigger.com\/it\/wp-json\/wp\/v2\/media?parent=1390"}],"wp:term":[{"taxonomy":"category","embeddable":true,"href":"https:\/\/thejobsdigger.com\/it\/wp-json\/wp\/v2\/categories?post=1390"},{"taxonomy":"post_tag","embeddable":true,"href":"https:\/\/thejobsdigger.com\/it\/wp-json\/wp\/v2\/tags?post=1390"}],"curies":[{"name":"wp","href":"https:\/\/api.w.org\/{rel}","templated":true}]}}