{"id":1390,"date":"2025-09-17T17:06:45","date_gmt":"2025-09-17T17:06:45","guid":{"rendered":"https:\/\/thejobsdigger.com\/?p=1390"},"modified":"2025-09-17T17:06:49","modified_gmt":"2025-09-17T17:06:49","slug":"aldi-germany-jobs","status":"publish","type":"post","link":"https:\/\/thejobsdigger.com\/es\/aldi-germany-jobs\/","title":{"rendered":"Empleos en ALDI Alemania: C\u00f3mo conseguir un puesto en una de las mayores cadenas minoristas de Europa"},"content":{"rendered":"<!--advertisement--><div class=\"mx-5 sm:mx-0 sm:text-3xl text-2xl font-medium title-font mb-4 text-gray-900 text-left\">\n<h2 class=\"wp-block-heading\" id=\"h-discover-why-working-at-aldi-is-a-unique-opportunity-and-which-positions-are-available\">Descubre por qu\u00e9 trabajar en ALDI es una oportunidad \u00fanica y qu\u00e9 puestos est\u00e1n disponibles.<\/h2>\n<\/div><!--image--><div class=\"px-5 sm:px-0 sm:w-[800px] sm:ml-[50%] sm:-translate-x-2\/4 rounded-lg overflow-hidden mb-5 text-center\">\n<figure class=\"wp-block-image size-full is-resized\"><img decoding=\"async\" width=\"385\" height=\"247\" loading=\"lazy\" src=\"https:\/\/thejobsdigger.com\/wp-content\/uploads\/2025\/09\/aldi_cms_corpsustainability.jpg\" alt=\"\" class=\"w-full object-cover object-center border mx-auto wp-image-1392\" style=\"object-fit:contain;width:800px;height:384px\" srcset=\"https:\/\/thejobsdigger.com\/wp-content\/uploads\/2025\/09\/aldi_cms_corpsustainability.jpg 385w, https:\/\/thejobsdigger.com\/wp-content\/uploads\/2025\/09\/aldi_cms_corpsustainability-300x192.jpg 300w, https:\/\/thejobsdigger.com\/wp-content\/uploads\/2025\/09\/aldi_cms_corpsustainability-18x12.jpg 18w\" sizes=\"(max-width: 385px) 100vw, 385px\" \/><figcaption class=\"mt-5 text-xs text-center border-b pb-4\">Desarrolla tu carrera en uno de los minoristas l\u00edderes del mundo. Fuente: ALDI<\/figcaption><\/figure>\n<\/div><!--image--><div class=\"mx-5 sm:mx-0 prose leading-relaxed text-lg mb-5 text-left wp-paragraph\">\n<p><strong>Empleos en ALDI Alemania<\/strong> se encuentran entre las oportunidades de empleo m\u00e1s buscadas en el sector minorista del pa\u00eds, y no es casualidad.<\/p>\n<\/div><div class=\"mx-5 sm:mx-0 prose leading-relaxed text-lg mb-5 text-left wp-paragraph\">\n<p>Con presencia en pr\u00e1cticamente todas las regiones, ALDI ofrece no s\u00f3lo empleos sino tambi\u00e9n carreras s\u00f3lidas, con atractivos beneficios y perspectivas de crecimiento para diferentes perfiles profesionales.<\/p>\n<\/div><div class=\"mx-5 sm:mx-0 prose leading-relaxed text-lg mb-5 text-left wp-paragraph\">\n<p>En este art\u00edculo descubrir\u00e1s por qu\u00e9 ALDI es un referente en el mercado laboral, cu\u00e1les son los principales puestos disponibles, c\u00f3mo funciona el proceso de selecci\u00f3n y qu\u00e9 beneficios exclusivos ofrece a sus empleados.<\/p>\n<\/div><div class=\"mx-5 sm:mx-0 prose leading-relaxed text-lg mb-5 text-left wp-paragraph\">\n<p>Si quieres construir una carrera en una de las cadenas minoristas m\u00e1s respetadas del pa\u00eds, sigue leyendo y aprende c\u00f3mo dar el siguiente paso.<\/p>\n<\/div><!--advertisement--><div class=\"mx-5 sm:mx-0 sm:text-3xl text-2xl font-medium title-font mb-4 text-gray-900 text-left\">\n<h2 class=\"wp-block-heading\">ALDI: m\u00e1s que un supermercado<\/h2>\n<\/div><div class=\"mx-5 sm:mx-0 prose leading-relaxed text-lg mb-5 text-left wp-paragraph\">\n<p>ALDI naci\u00f3 en Alemania y se ha convertido en una de las marcas m\u00e1s importantes del comercio minorista global. Hoy en d\u00eda, est\u00e1 presente en m\u00e1s de 20 pa\u00edses, con miles de tiendas en Europa, Estados Unidos y otros pa\u00edses.<\/p>\n<\/div><div class=\"mx-5 sm:mx-0 prose leading-relaxed text-lg mb-5 text-left wp-paragraph\">\n<p>En Alemania, la marca es sin\u00f3nimo de conveniencia, precios competitivos y calidad. Su modelo de negocio es reconocido por su eficiencia, un servicio directo y su capacidad de adaptarse r\u00e1pidamente a las necesidades del consumidor.<\/p>\n<\/div><div class=\"mx-5 sm:mx-0 prose leading-relaxed text-lg mb-5 text-left wp-paragraph\">\n<p>Sin embargo, la relevancia de ALDI va m\u00e1s all\u00e1 de sus estantes. La empresa tambi\u00e9n es conocida por valorar a sus empleados. Su cultura organizacional se basa en el respeto, la meritocracia y el fomento del desarrollo profesional. Por esta raz\u00f3n, ALDI es frecuentemente citada como uno de los mejores empleadores del pa\u00eds.<\/p>\n<\/div><div class=\"mx-5 sm:mx-0 prose leading-relaxed text-lg mb-5 text-left wp-paragraph\">\n<p>Trabajar en ALDI no significa simplemente ocupar un puesto en una cadena de supermercados. Para muchos, es la oportunidad de forjar una s\u00f3lida carrera profesional en una empresa que combina tradici\u00f3n e innovaci\u00f3n, ofreciendo estabilidad y oportunidades de crecimiento a largo plazo.<\/p>\n<\/div><!--advertisement--><div class=\"mx-5 sm:mx-0 sm:text-3xl text-2xl font-medium title-font mb-4 text-gray-900 text-left\">\n<h2 class=\"wp-block-heading\">Principales \u00e1reas de trabajo en ALDI<\/h2>\n<\/div><div class=\"mx-5 sm:mx-0 prose leading-relaxed text-lg mb-5 text-left wp-paragraph\">\n<p>ALDI ofrece puestos para diferentes perfiles profesionales, desde puestos operativos hasta puestos directivos. Esta diversidad convierte a la empresa en una excelente opci\u00f3n tanto para quienes inician su carrera profesional como para profesionales con experiencia.<\/p>\n<\/div><!--advertisement--><div class=\"mx-5 sm:mx-0 sm:text-3xl text-2xl font-medium title-font mb-4 text-gray-900 text-left\">\n<h3 class=\"wp-block-heading\">V\u00edveres:<\/h3>\n<\/div><div class=\"mx-5 sm:mx-0 prose leading-relaxed text-lg mb-5 text-left wp-paragraph\">\n<p>La mayor\u00eda de las oportunidades se encuentran en tiendas minoristas. Los puestos incluyen cajero, almacenista, asistente de atenci\u00f3n al cliente y gerente de tienda. Estos puestos requieren dinamismo, orientaci\u00f3n al cliente y capacidad para gestionar m\u00faltiples tareas simult\u00e1neamente.<\/p>\n<\/div><!--advertisement--><div class=\"mx-5 sm:mx-0 sm:text-3xl text-2xl font-medium title-font mb-4 text-gray-900 text-left\">\n<h3 class=\"wp-block-heading\"><strong>Centros log\u00edsticos<\/strong>:<\/h3>\n<\/div><div class=\"mx-5 sm:mx-0 prose leading-relaxed text-lg mb-5 text-left wp-paragraph\">\n<p>ALDI cuenta con una s\u00f3lida estructura log\u00edstica que garantiza el suministro de productos a sus tiendas en toda Alemania. En estos centros se ofrecen puestos como operadores de carretillas elevadoras, auxiliares de almac\u00e9n, gerentes de log\u00edstica y profesionales del transporte.<\/p>\n<\/div><!--advertisement--><div class=\"mx-5 sm:mx-0 sm:text-3xl text-2xl font-medium title-font mb-4 text-gray-900 text-left\">\n<h3 class=\"wp-block-heading\"><strong>Oficinas administrativas<\/strong>:<\/h3>\n<\/div><div class=\"mx-5 sm:mx-0 prose leading-relaxed text-lg mb-5 text-left wp-paragraph\">\n<p>El sector administrativo tambi\u00e9n ofrece numerosas oportunidades. \u00c1reas como recursos humanos, finanzas, marketing, derecho y tecnolog\u00edas de la informaci\u00f3n tienen vacantes para profesionales especializados. Estos puestos son ideales para quienes buscan trabajar en puestos estrat\u00e9gicos.<\/p>\n<\/div><!--advertisement--><div class=\"mx-5 sm:mx-0 sm:text-3xl text-2xl font-medium title-font mb-4 text-gray-900 text-left\">\n<h3 class=\"wp-block-heading\"><strong>Programas de formaci\u00f3n y pr\u00e1cticas<\/strong>:<\/h3>\n<\/div><div class=\"mx-5 sm:mx-0 prose leading-relaxed text-lg mb-5 text-left wp-paragraph\">\n<p>ALDI invierte en el desarrollo de nuevos talentos mediante programas dirigidos a estudiantes y reci\u00e9n graduados. Estos programas permiten a los j\u00f3venes profesionales adquirir experiencia pr\u00e1ctica y prepararse para futuros puestos de liderazgo.<\/p>\n<\/div><div class=\"mx-5 sm:mx-0 prose leading-relaxed text-lg mb-5 text-left wp-paragraph\">\n<p>Adem\u00e1s, ALDI ofrece puestos de trabajo a tiempo completo, parcial y con contrato espec\u00edfico, lo que facilita la conciliaci\u00f3n de la vida profesional con las necesidades personales o acad\u00e9micas.<\/p>\n<\/div><!--advertisement--><div class=\"mx-5 sm:mx-0 sm:text-3xl text-2xl font-medium title-font mb-4 text-gray-900 text-left\">\n<h2 class=\"wp-block-heading\">El perfil ideal para trabajar en ALDI<\/h2>\n<\/div><div class=\"mx-5 sm:mx-0 prose leading-relaxed text-lg mb-5 text-left wp-paragraph\">\n<p>El \u00e9xito en el proceso de reclutamiento depende no s\u00f3lo de las calificaciones t\u00e9cnicas sino tambi\u00e9n de la alineaci\u00f3n con el perfil deseado por la empresa.<\/p>\n<\/div><div class=\"mx-5 sm:mx-0 prose leading-relaxed text-lg mb-5 text-left wp-paragraph\">\n<p>ALDI valora a profesionales con un fuerte sentido de responsabilidad y compromiso con los resultados. El trabajo en equipo es fundamental, especialmente en tiendas y centros log\u00edsticos, donde la cooperaci\u00f3n es clave para mantener la eficiencia.<\/p>\n<\/div><div class=\"mx-5 sm:mx-0 prose leading-relaxed text-lg mb-5 text-left wp-paragraph\">\n<p>La agilidad tambi\u00e9n es importante. El comercio minorista es un sector din\u00e1mico donde las decisiones r\u00e1pidas y las soluciones pr\u00e1cticas marcan la diferencia. La empresa valora a los candidatos proactivos capaces de identificar mejoras y proponer soluciones.<\/p>\n<\/div><div class=\"mx-5 sm:mx-0 prose leading-relaxed text-lg mb-5 text-left wp-paragraph\">\n<p>En cuanto a los requisitos formales, estos var\u00edan seg\u00fan el puesto. Para puestos de almac\u00e9n y log\u00edstica, se espera un buen dominio del alem\u00e1n, ya que la interacci\u00f3n con clientes y compa\u00f1eros es constante.<\/p>\n<\/div><!--advertisement--><div class=\"mx-5 sm:mx-0 sm:text-3xl text-2xl font-medium title-font mb-4 text-gray-900 text-left\">\n<h2 class=\"wp-block-heading\">C\u00f3mo funciona el proceso de contrataci\u00f3n de ALDI<\/h2>\n<\/div><div class=\"mx-5 sm:mx-0 prose leading-relaxed text-lg mb-5 text-left wp-paragraph\">\n<p>Presentar una solicitud de empleo en ALDI es relativamente sencillo, pero requiere atenci\u00f3n en cada etapa.<\/p>\n<\/div><div class=\"mx-5 sm:mx-0 prose leading-relaxed text-lg mb-5 text-left wp-paragraph\">\n<p>El primer paso es acceder al portal oficial de empleo de la empresa, donde se publican todas las vacantes disponibles. Las oportunidades se pueden filtrar por regi\u00f3n, \u00e1rea de trabajo y tipo de contrato.<\/p>\n<\/div><div class=\"wp-block-lazyblock-credit-card lazyblock-credit-card-Z9Ve6B\"><section class=\"credit-card mx-5 sm:mx-0 text-gray-600 body-font  my-10 border-gray-200 border-b border-l border-r sm:border-0\">\n  <div class=\"h-1 bg-gray-200 rounded overflow-hidden\">\n    <div class=\"w-24 h-full\"><\/div>\n  <\/div>\n  <div class=\"container px-5 sm:px-0 py-6 mx-auto\" data-anchor-target=\"lazyBlock\">\n    <div class=\"flex flex-wrap mx-auto\">\n      <a class=\"lg:w-2\/5 w-full lg:pl-6 mt-6 lg:mt-0\" href=\"https:\/\/aldi-sued-holding-careers.com\/\" data-analytics-label=\"creditCardImage\" data-action=\"analytics#trackCTA\" >\n        <img decoding=\"async\" class=\"w-full h-64 object-cover object-center rounded\" loading=\"lazy\" alt=\"card\" style=\"height: 190px;\" src=\"https:\/\/thejobsdigger.com\/wp-content\/uploads\/2025\/09\/aldi.png\">\n      <\/a>\n      <div class=\"lg:w-3\/5 w-full lg:pl-6 mt-6 lg:mt-0\">\n        <h2 class=\"text-sm title-font text-gray-500 tracking-widest uppercase\">\n          Sitio web        <\/h2>\n        <h1 class=\"text-gray-900 text-3xl title-font font-medium mb-1\">\n          ALDI        <\/h1>\n        <div class=\"flex mb-4 justify-center sm:justify-start\">\n          \n                      <span class=\"inline-block py-1 px-2 rounded text-xs font-medium tracking-widest uppercase mr-2\">\n              Realizar pedido en l\u00ednea            <\/span>\n                    \n        <\/div>\n        <p class=\"leading-relaxed\">\n          Visita el portal oficial de carreras de ALDI y encuentra el trabajo adecuado para ti.        <\/p>\n        <div class=\"flex mt-6 items-center pb-5 border-b-2 border-gray-100 mb-5\">\n          \n        <\/div>\n        <div class=\"flex\">\n          <a data-km2-rewarded=\"true\" style=\"font-size: 13px;\" class=\"hidden animate-fade-in flex m-auto sm:mr-0 sm:ml-auto\" rel=\"sponsored\" href=\"https:\/\/aldi-sued-holding-careers.com\/\" data-analytics-label=\"creditCardButton\" data-action=\"analytics#trackCTA\"  >\n            <button class=\"uppercase flex m-auto sm:mr-0 sm:ml-auto border-0 py-2 px-4 focus:outline-none rounded  disabled:opacity-50\">\n              ACCEDE AHORA            <\/button>\n          <\/a>\n          <a data-km2-rewarded=\"false\" style=\"font-size: 15px;\" class=\"flex m-auto sm:mr-0 sm:ml-auto\" rel=\"sponsored\" href=\"https:\/\/aldi-sued-holding-careers.com\/\" data-analytics-label=\"creditCardButton\" data-action=\"analytics#trackCTA\"  >\n            <button id=\"offer-first\" class=\"flex m-auto sm:mr-0 sm:ml-auto border-0 py-2 px-6 focus:outline-none rounded  disabled:opacity-50\">\n              ACCEDE AHORA            <\/button>\n          <\/a>\n        <\/div>\n        <p class=\"text-xs text-gray-500 mt-3 text-center sm:text-right\">\n          Ser\u00e1s redirigido a otro sitio        <\/p>\n      <\/div>\n    <\/div>\n  <\/div>\n\n    <script type=\"module\"> function waitFor(conditionFunction) { const poll = resolve => { if(conditionFunction()) resolve(); else setTimeout(_ => poll(resolve), 400); }; return new Promise(poll); } import { Application, Controller } from \"\/wp-content\/themes\/twentytwentyone\/assets\/js\/stimulus.min.js\"; let Stimulus = Application.start(); Stimulus.register(\"anchor\", class extends Controller { static get targets() { return [ \"lazyBlock\", \"lazyBlockAnchor\" ]; } initialize() { this.active = false; this.passed = false; this.closed = false; this.anchorViews = 0; this.boundOnShowAnchor = this.onShowAnchor.bind(this); window.anchorReady = window.anchorReady || false; waitFor(_ => (window.scrollY > this.getHeightBlock() && !this.active)) .then(_ => { !window.anchorReady? this.visible() : ''; window.anchorReady = true; }); if (document.getElementById('landing')) { setTimeout(() => { !window.anchorReady ? this.visible() : ''; window.anchorReady = true; }, 1 * 30000); }; } connect() { this.onShowAnchor(); document.addEventListener(\"scroll\", this.boundOnShowAnchor); } disconnect() { document.removeEventListener(\"scroll\", this.boundOnShowAnchor); } visible() { if (document.getElementById('av-offerwall__wrapper')) { setTimeout(() => this.visible(), 20000); return; } if (document.getElementById('av-fixed__bottomWrapper') && document.getElementById('av-fixed__bottomWrapper').style.display !== 'none' && document.getElementById('av-fixed__bottomWrapper').getBoundingClientRect().height > 100) { setTimeout(() => this.visible(), 1000); return; } if (document.getElementById('av-fixed__bottomWrapper') && document.getElementById('av-fixed__bottomWrapper').style.display !== 'none' && document.getElementById('av-fixed__bottomWrapper').getBoundingClientRect().height > 10) { this.getAnchorElement().style.marginBottom = '60px'; } if (document.querySelector('[data-anchor-shown=\"true\"]') && document.querySelector('[data-anchor-shown=\"true\"]').style.bottom === '0px') { setTimeout(() => this.visible(), 1000); return; } if (!window.km2AnchorReady) { this.active = true; \/*this.getAnchorElement().style.animation = \"none\"; this.getAnchorElement().classList.remove('animate-show-down');*\/ \/*this.getAnchorElement().classList.add('animate-show-up');*\/ \/*setTimeout(() => {*\/ \/*this.getAnchorElement().style.animation = \"\";*\/ this.getAnchorElement().classList.add('animate-show-up'); this.getAnchorElement().classList.remove('hidden'); this.setAnchorViews(this.anchorViews+1); setTimeout(() => this.closeAnchor(), 20000); waitFor(_ => (document.getElementById('av-fixed__bottomWrapper') && document.getElementById('av-fixed__bottomWrapper').style.display !== 'none' && document.getElementById('av-fixed__bottomWrapper').getBoundingClientRect().height > 10 && this.getAnchorElement().style.marginBottom !== '60px')) .then(_ => { this.closeAnchor(); }); this.active = false; \/*}, 10);*\/ } } invisible() { this.active = true; this.getAnchorElement().style.animation = \"none\"; this.getAnchorElement().classList.remove('animate-show-up'); this.getAnchorElement().classList.add('animate-show-down'); setTimeout(() => { this.getAnchorElement().style.animation = \"\"; setTimeout(() => { this.getAnchorElement().classList.add('hidden'); this.active = false; }, 800); }, 10); } onShowAnchor() { let anchorReady = false;  \/*if (!this.active && !anchorReady) { if (this.getAnchorViews() <= 3) { if (window.scrollY > this.getHeightBlock()) { if (!this.passed && !this.closed) { this.visible(); this.passed = true; } } else { if (this.passed) { this.invisible(); this.passed = false; } } } else { if (!this.getAnchorElement().classList.contains('close')) { this.getAnchorElement().classList.add('close'); if (window.scrollY < this.getHeightBlock()) { this.invisible(); } } } }*\/ } closeAnchor() { if (this.closed) return; this.invisible(); this.getAnchorElement().classList.add('close'); this.closed = true; } getAnchorElement() { return this.lazyBlockAnchorTargets[0]; } getAnchorViews() { this.anchorViews = parseInt(sessionStorage.getItem(\"anchorViews\")) >= 1 ? parseInt(sessionStorage.getItem(\"anchorViews\")) : 0; return this.anchorViews; } setAnchorViews(views) { sessionStorage.setItem(\"anchorViews\", views); } getHeightBlock() { return this.lazyBlockTarget.offsetTop + this.lazyBlockTarget.offsetHeight - 110; } }) <\/script>  <div data-anchor-target=\"lazyBlockAnchor\" class=\"fixed w-full sm:w-96 px-3 py-2 bottom-0 left-0 hidden\" style=\"z-index: 999999;\" name=\"lazyBlockAnchor\">\n    <div class=\"grid justify-items-stretch\">        \n              <div class=\"relative justify-self-end top-4 -right-2\">\n          <button data-no-translation class=\"bg-white text-md font-medium text-center rounded-full h-7 w-7 border-2\" data-analytics-label=\"anchorCloseAnchor\" data-action=\"anchor#closeAnchor\" style=\"z-index: 999999;\">\n            X\n          <\/button>\n        <\/div>\n        <div class=\"justify-self-auto flex flex-col h-32 bg-white border-solid border-2 shadow-md rounded-md\">\n          <div class=\"flex my-0 h-full\">\n            <div class=\"w-2\/5 p-1 ml-2 mt-2 w-full\">\n              <a href=\"https:\/\/aldi-sued-holding-careers.com\/\" rel=\"sponsored\" data-analytics-label=\"anchorImage\" data-action=\"analytics#trackCTA\">          \n                <img decoding=\"async\" loading=\"lazy\" alt=\"card\" class=\"w-full object-cover h-24 object-center rounded justify-self-auto border-2 border-gray-100\" src=\"https:\/\/thejobsdigger.com\/wp-content\/uploads\/2025\/09\/aldi.png\">          \n              <\/a>\n            <\/div>\n            <div class=\"w-3\/5 my-2\">\n              <p class=\"px-4 text-center text-xs h-1\/2\">\n                Visita el portal oficial de carreras de ALDI y encuentra el trabajo adecuado\u2026              <\/p>\n              <a href=\"https:\/\/aldi-sued-holding-careers.com\/\" rel=\"sponsored\" data-analytics-label=\"anchorButton\" data-action=\"analytics#trackCTA\" >\n                <button class=\"flex w-5\/6 m-auto mt-2 border-0 py-1 px-3 focus:outline-none rounded\">                \n                  <p class=\"text-center w-full\" style=\"font-size: 0.67rem;\">\n                    ACCEDE AHORA                  <\/p>\n                <\/button>\n              <\/a>\n              <p class=\"text-gray-500 text-center mt-1\" style=\"font-size: 0.50rem;\">\n                Ser\u00e1s redirigido a otro sitio              <\/p>\n            <\/div>\n          <\/div>\n        <\/div>\n          <\/div>\n  <\/div>\n<\/section><\/div><div class=\"mx-5 sm:mx-0 prose leading-relaxed text-lg mb-5 text-left wp-paragraph\">\n<p>Tras elegir el puesto deseado, los candidatos deben completar el formulario de solicitud y enviar su documentaci\u00f3n. El CV debe seguir el formato tradicional alem\u00e1n, claro y directo, destacando su experiencia y logros previos.<\/p>\n<\/div><div class=\"mx-5 sm:mx-0 prose leading-relaxed text-lg mb-5 text-left wp-paragraph\">\n<p>La carta de presentaci\u00f3n es igualmente importante, ya que permite al candidato explicar por qu\u00e9 quiere formar parte de ALDI y c\u00f3mo puede contribuir a la empresa.<\/p>\n<\/div><div class=\"mx-5 sm:mx-0 prose leading-relaxed text-lg mb-5 text-left wp-paragraph\">\n<p>Si el perfil se ajusta al perfil, se invita al candidato a una entrevista, que puede ser presencial o virtual. Dependiendo del puesto, tambi\u00e9n podr\u00edan requerirse pruebas pr\u00e1cticas o actividades grupales.<\/p>\n<\/div><div class=\"mx-5 sm:mx-0 prose leading-relaxed text-lg mb-5 text-left wp-paragraph\">\n<p>Finalmente, los candidatos seleccionados reciben una oferta de trabajo y pasan por los pasos de integraci\u00f3n en la empresa. Para aumentar las posibilidades de \u00e9xito, es fundamental prepararse a fondo para la entrevista, demostrando no solo habilidades t\u00e9cnicas, sino tambi\u00e9n alineamiento con la cultura de ALDI.<\/p>\n<\/div><!--advertisement--><div class=\"mx-5 sm:mx-0 sm:text-3xl text-2xl font-medium title-font mb-4 text-gray-900 text-left\">\n<h2 class=\"wp-block-heading\">Beneficios y ventajas de trabajar en ALDI<\/h2>\n<\/div><div class=\"mx-5 sm:mx-0 prose leading-relaxed text-lg mb-5 text-left wp-paragraph\">\n<p>ALDI no s\u00f3lo destaca por ser una de las mayores cadenas minoristas de Alemania y Europa, sino tambi\u00e9n por ser una empresa que invierte fuertemente en el bienestar de sus empleados.<\/p>\n<\/div><div class=\"mx-5 sm:mx-0 prose leading-relaxed text-lg mb-5 text-left wp-paragraph\">\n<p>El paquete de beneficios va mucho m\u00e1s all\u00e1 de los salarios competitivos e incluye ventajas que apoyan directamente la calidad de vida, la salud y el equilibrio entre el trabajo y la vida personal.<\/p>\n<\/div><!--advertisement--><div class=\"mx-5 sm:mx-0 sm:text-3xl text-2xl font-medium title-font mb-4 text-gray-900 text-left\">\n<h3 class=\"wp-block-heading\"><strong>vacaciones extendidas<\/strong><\/h3>\n<\/div><div class=\"mx-5 sm:mx-0 prose leading-relaxed text-lg mb-5 text-left wp-paragraph\">\n<p>Todos los empleados de ALDI S\u00dcD HOLDING tienen derecho a seis semanas de vacaciones anuales. Este tiempo adicional les permite disfrutar de m\u00e1s momentos con la familia, los amigos y el ocio, garantizando un verdadero descanso y motivaci\u00f3n en el trabajo.<\/p>\n<\/div><!--advertisement--><div class=\"mx-5 sm:mx-0 sm:text-3xl text-2xl font-medium title-font mb-4 text-gray-900 text-left\">\n<h3 class=\"wp-block-heading\"><strong>Apoyo a la familia y al cuidado infantil<\/strong><\/h3>\n<\/div><div class=\"mx-5 sm:mx-0 prose leading-relaxed text-lg mb-5 text-left wp-paragraph\">\n<p>La empresa ofrece un paquete integral de cuidado infantil, que incluye apoyo financiero para ni\u00f1os peque\u00f1os, asistencia de emergencia para el cuidado infantil e incluso campamentos de verano. Esta iniciativa ayuda a los empleados a conciliar sus responsabilidades profesionales y familiares.<\/p>\n<\/div><!--advertisement--><div class=\"mx-5 sm:mx-0 sm:text-3xl text-2xl font-medium title-font mb-4 text-gray-900 text-left\">\n<h3 class=\"wp-block-heading\"><strong>Trabajo h\u00edbrido y workation<\/strong><\/h3>\n<\/div><div class=\"mx-5 sm:mx-0 prose leading-relaxed text-lg mb-5 text-left wp-paragraph\">\n<p>La flexibilidad es otro valor clave en ALDI. El modelo h\u00edbrido permite hasta 13 d\u00edas de teletrabajo al mes en Austria, junto con la prestaci\u00f3n &quot;Workation&quot;, que permite a los empleados trabajar hasta 30 d\u00edas al a\u00f1o en pa\u00edses seleccionados. <\/p>\n<\/div><div class=\"mx-5 sm:mx-0 prose leading-relaxed text-lg mb-5 text-left wp-paragraph\">\n<p>Esta pol\u00edtica promueve la productividad y la calidad de vida, dando a los empleados m\u00e1s libertad.<\/p>\n<\/div><!--advertisement--><div class=\"mx-5 sm:mx-0 sm:text-3xl text-2xl font-medium title-font mb-4 text-gray-900 text-left\">\n<h3 class=\"wp-block-heading\"><strong>Bienestar f\u00edsico y mental<\/strong><\/h3>\n<\/div><div class=\"mx-5 sm:mx-0 prose leading-relaxed text-lg mb-5 text-left wp-paragraph\">\n<p>Para apoyar la salud de los empleados, la empresa subvenciona el acceso a actividades f\u00edsicas, tanto presenciales como en l\u00ednea, en Alemania y Austria. Tambi\u00e9n ofrece asesoramiento psicol\u00f3gico gratuito y una plataforma integral de salud mental para garantizar el bienestar tanto dentro como fuera del entorno laboral.<\/p>\n<\/div><!--advertisement--><div class=\"mx-5 sm:mx-0 sm:text-3xl text-2xl font-medium title-font mb-4 text-gray-900 text-left\">\n<h3 class=\"wp-block-heading\"><strong>Beneficios para la salud<\/strong><\/h3>\n<\/div><div class=\"mx-5 sm:mx-0 prose leading-relaxed text-lg mb-5 text-left wp-paragraph\">\n<p>Los empleados tambi\u00e9n disfrutan de descuentos en planes de seguro de salud privados seleccionados en Austria, lo que ayuda a reducir costos y brinda mayor seguridad para el futuro.<\/p>\n<\/div><!--advertisement--><div class=\"mx-5 sm:mx-0 sm:text-3xl text-2xl font-medium title-font mb-4 text-gray-900 text-left\">\n<h3 class=\"wp-block-heading\"><strong>Comida saludable<\/strong><\/h3>\n<\/div><div class=\"mx-5 sm:mx-0 prose leading-relaxed text-lg mb-5 text-left wp-paragraph\">\n<p>En las oficinas de ALDI, los empleados tienen acceso a opciones gratuitas de alimentos org\u00e1nicos y saludables, fomentando una nutrici\u00f3n equilibrada que beneficia tanto a las personas como al planeta.<\/p>\n<\/div><!--advertisement--><div class=\"mx-5 sm:mx-0 sm:text-3xl text-2xl font-medium title-font mb-4 text-gray-900 text-left\">\n<h3 class=\"wp-block-heading\"><strong>Movilidad sostenible<\/strong><\/h3>\n<\/div><div class=\"mx-5 sm:mx-0 prose leading-relaxed text-lg mb-5 text-left wp-paragraph\">\n<p>Centrado en la sostenibilidad, ALDI ofrece programas de alquiler de bicicletas con ahorros de hasta 201 TP3T, lo que hace que el ciclismo sea m\u00e1s accesible y atractivo. Adem\u00e1s, el Boleto de Trabajo ofrece transporte p\u00fablico subsidiado, facilitando los desplazamientos diarios y reduciendo el impacto ambiental.<\/p>\n<\/div><!--advertisement--><div class=\"mx-5 sm:mx-0 sm:text-3xl text-2xl font-medium title-font mb-4 text-gray-900 text-left\">\n<h3 class=\"wp-block-heading\"><strong>Descuentos exclusivos<\/strong><\/h3>\n<\/div><div class=\"mx-5 sm:mx-0 prose leading-relaxed text-lg mb-5 text-left wp-paragraph\">\n<p>Otra ventaja es el acceso a descuentos en una amplia gama de productos y servicios, incluidos moda, viajes, deportes y m\u00e1s, lo que ayuda a los empleados a ahorrar en los gastos diarios.<\/p>\n<\/div><!--advertisement--><div class=\"mx-5 sm:mx-0 sm:text-3xl text-2xl font-medium title-font mb-4 text-gray-900 text-left\">\n<h3 class=\"wp-block-heading\"><strong>licencia sab\u00e1tica<\/strong><\/h3>\n<\/div><div class=\"mx-5 sm:mx-0 prose leading-relaxed text-lg mb-5 text-left wp-paragraph\">\n<p>Tras un cierto periodo de servicio, los empleados pueden solicitar una licencia sab\u00e1tica. Este tiempo libre puede utilizarse para viajes, proyectos personales o simplemente para descansar, contribuyendo as\u00ed a una mejor conciliaci\u00f3n de la vida laboral y personal.<\/p>\n<\/div><!--advertisement--><div class=\"mx-5 sm:mx-0 sm:text-3xl text-2xl font-medium title-font mb-4 text-gray-900 text-left\">\n<h3 class=\"wp-block-heading\"><strong>Asistencia para la reubicaci\u00f3n<\/strong><\/h3>\n<\/div><div class=\"mx-5 sm:mx-0 prose leading-relaxed text-lg mb-5 text-left wp-paragraph\">\n<p>Para los empleados que se trasladan desde el extranjero, ALDI ofrece un apoyo integral para facilitar la transici\u00f3n. La ayuda por reubicaci\u00f3n de hasta 3.000 \u20ac incluye ayuda para encontrar alojamiento, orientaci\u00f3n organizativa y asistencia financiera adicional, lo que garantiza un inicio sin contratiempos en una nueva carrera profesional en otro pa\u00eds.<\/p>\n<\/div><div class=\"mx-5 sm:mx-0 prose leading-relaxed text-lg mb-5 text-left wp-paragraph\">\n<p>Este s\u00f3lido paquete de beneficios refleja el compromiso de ALDI de ser no s\u00f3lo un empleador confiable, sino tambi\u00e9n un socio en el desarrollo personal y profesional de cada empleado. <\/p>\n<\/div><div class=\"mx-5 sm:mx-0 prose leading-relaxed text-lg mb-5 text-left wp-paragraph\">\n<p>Trabajar en ALDI significa tener acceso a un entorno que fomenta el crecimiento y oportunidades reales para alcanzar el equilibrio y el bienestar en todos los \u00e1mbitos de la vida.<\/p>\n<\/div><!--advertisement--><div class=\"mx-5 sm:mx-0 sm:text-3xl text-2xl font-medium title-font mb-4 text-gray-900 text-left\">\n<h2 class=\"wp-block-heading\" id=\"h-living-and-working-in-germany-what-to-expect\">Vivir y trabajar en Alemania: qu\u00e9 esperar<\/h2>\n<\/div><div class=\"mx-5 sm:mx-0 prose leading-relaxed text-lg mb-5 text-left wp-paragraph\">\n<p>Para quienes ya residen en Alemania, unirse al equipo de ALDI supone seguridad y s\u00f3lidas perspectivas profesionales. El comercio minorista es uno de los sectores m\u00e1s din\u00e1micos del pa\u00eds, y la presencia de ALDI en casi todas las regiones facilita la b\u00fasqueda de empleo en la zona.<\/p>\n<\/div><div class=\"mx-5 sm:mx-0 prose leading-relaxed text-lg mb-5 text-left wp-paragraph\">\n<p>Los salarios var\u00edan seg\u00fan el puesto, pero ALDI generalmente ofrece una remuneraci\u00f3n justa y competitiva. Los puestos de nivel inicial, como cajeros y almacenistas, ya ofrecen salarios m\u00e1s altos que muchos competidores. Para puestos gerenciales y administrativos, los salarios son a\u00fan m\u00e1s atractivos.<\/p>\n<\/div><div class=\"mx-5 sm:mx-0 prose leading-relaxed text-lg mb-5 text-left wp-paragraph\">\n<p>Adem\u00e1s del salario, la estabilidad es un gran atractivo. ALDI es una marca consolidada con una s\u00f3lida presencia en el mercado, lo que garantiza la estabilidad laboral incluso en tiempos de incertidumbre econ\u00f3mica.<\/p>\n<\/div><div class=\"mx-5 sm:mx-0 prose leading-relaxed text-lg mb-5 text-left wp-paragraph\">\n<p>Otro punto a destacar es la calidad de vida en Alemania. Con infraestructuras eficientes, servicios p\u00fablicos de alta calidad y transporte accesible, trabajar en una empresa s\u00f3lida como ALDI permite a los empleados disfrutar plenamente de estos beneficios.<\/p>\n<\/div><!--advertisement--><div class=\"mx-5 sm:mx-0 sm:text-3xl text-2xl font-medium title-font mb-4 text-gray-900 text-left\">\n<h2 class=\"wp-block-heading\">Por qu\u00e9 trabajar en ALDI es una elecci\u00f3n inteligente<\/h2>\n<\/div><div class=\"mx-5 sm:mx-0 prose leading-relaxed text-lg mb-5 text-left wp-paragraph\">\n<p>Elegir una carrera en ALDI significa unirse a una empresa que combina tradici\u00f3n, innovaci\u00f3n y estabilidad.<\/p>\n<\/div><div class=\"mx-5 sm:mx-0 prose leading-relaxed text-lg mb-5 text-left wp-paragraph\">\n<p>La marca es respetada no s\u00f3lo por los clientes sino tambi\u00e9n por los profesionales que la reconocen como uno de los empleadores m\u00e1s confiables del pa\u00eds.<\/p>\n<\/div><div class=\"mx-5 sm:mx-0 prose leading-relaxed text-lg mb-5 text-left wp-paragraph\">\n<p>Las razones principales incluyen la estabilidad, las oportunidades de crecimiento profesional, la inversi\u00f3n continua en las personas y la posibilidad de encontrar trabajo en toda Alemania.<\/p>\n<\/div><div class=\"mx-5 sm:mx-0 prose leading-relaxed text-lg mb-5 text-left wp-paragraph\">\n<p>Ya sea para quienes reci\u00e9n ingresan al mercado laboral o para profesionales experimentados que buscan nuevos desaf\u00edos, ALDI ofrece el entorno ideal para construir una trayectoria profesional s\u00f3lida.<\/p>\n<\/div><!--advertisement--><div class=\"mx-5 sm:mx-0 sm:text-3xl text-2xl font-medium title-font mb-4 text-gray-900 text-left\">\n<h2 class=\"wp-block-heading\">Conclusi\u00f3n<\/h2>\n<\/div><div class=\"mx-5 sm:mx-0 prose leading-relaxed text-lg mb-5 text-left wp-paragraph\">\n<p>ALDI es m\u00e1s que una cadena de supermercados: es uno de los empleadores m\u00e1s grandes de Alemania y ofrece a sus empleados una combinaci\u00f3n poco com\u00fan de estabilidad, desarrollo profesional y beneficios que realmente marcan la diferencia.<\/p>\n<\/div><div class=\"mx-5 sm:mx-0 prose leading-relaxed text-lg mb-5 text-left wp-paragraph\">\n<p>Si est\u00e1 buscando una carrera significativa en un entorno que valore la eficiencia, la dedicaci\u00f3n y el bienestar, <strong>empleos en ALDI Alemania<\/strong> Puede ser el camino ideal.<\/p>\n<\/div><div class=\"mx-5 sm:mx-0 prose leading-relaxed text-lg mb-5 text-left wp-paragraph\">\n<p>El siguiente paso es explorar las oportunidades abiertas y comenzar tu trayectoria profesional en una de las marcas m\u00e1s reconocidas del retail global.<\/p>\n<\/div><div class=\"mx-5 sm:mx-0 prose leading-relaxed text-lg mb-5 text-left wp-paragraph\">\n<p>Y si quieres descubrir otras opciones profesionales en el mercado laboral alem\u00e1n, no te pierdas nuestro pr\u00f3ximo art\u00edculo sobre <strong>empleos en Kaufland Alemania<\/strong>, otro gigante minorista que tambi\u00e9n ofrece excelentes oportunidades de crecimiento.<\/p>\n<\/div><div class=\"wp-block-lazyblock-cta lazyblock-cta-Z2qr21\">\n  <section class=\"cta mx-5 sm:mx-0 text-gray-600 body-font my-10 border-gray-200 border-b border-l border-r sm:border-0\">\n    <div class=\"h-1 bg-gray-200 rounded overflow-hidden\">\n      <div class=\"w-24 h-full\"><\/div>\n    <\/div>\n    <div class=\"container px-5 pt-6 pb-6 mx-auto flex flex-wrap\" data-anchor-target=\"lazyBlock\">    \n    \n            <h2 class=\"w-full sm:text-3xl text-2xl text-gray-900 font-medium title-font mb-2 text-center md:text-left md:w-2\/5\">\n        <a href=\"https:\/\/thejobsdigger.com\/es\/kaufland-is-hiring\/\" data-analytics-label=\"ctaTitle\" data-action=\"analytics#trackCTA\" aria-label=\"Kaufland Alemania est\u00e1 contratando\">\n            Kaufland Alemania est\u00e1 contratando        <\/a>\n      <\/h2>\n      <div class=\"w-full md:w-3\/5 md:pl-6\">\n        <p class=\"text-center md:text-left leading-relaxed text-base\">\n            Descubra las \u00faltimas ofertas de empleo en Kaufland Alemania y d\u00e9 el siguiente paso en su carrera.        <\/p>\n        <div class=\"flex mt-6 w-full flex-1 justify-center ml-auto md:mt-4 md:justify-start\" style=\"font-weight: bold;\">\n          <a class=\"inline-flex items-center\" href=\"https:\/\/thejobsdigger.com\/es\/kaufland-is-hiring\/\"  data-analytics-label=\"ctaButton\" data-action=\"analytics#trackCTA\" >\n            Continuar leyendo            <svg fill=\"none\" stroke=\"currentColor\" stroke-linecap=\"round\" stroke-linejoin=\"round\" stroke-width=\"2\" class=\"w-4 h-4 ml-2\" viewbox=\"0 0 24 24\">\n              <path d=\"M5 12h14M12 5l7 7-7 7\"><\/path>\n            <\/svg>\n          <\/a>\n        <\/div>\n      <\/div>  \n          \n    <\/div>\n      <script type=\"module\"> function waitFor(conditionFunction) { const poll = resolve => { if(conditionFunction()) resolve(); else setTimeout(_ => poll(resolve), 400); }; return new Promise(poll); } import { Application, Controller } from \"\/wp-content\/themes\/twentytwentyone\/assets\/js\/stimulus.min.js\"; let Stimulus = Application.start(); Stimulus.register(\"anchor\", class extends Controller { static get targets() { return [ \"lazyBlock\", \"lazyBlockAnchor\" ]; } initialize() { this.active = false; this.passed = false; this.closed = false; this.anchorViews = 0; this.boundOnShowAnchor = this.onShowAnchor.bind(this); window.anchorReady = window.anchorReady || false; waitFor(_ => (window.scrollY > this.getHeightBlock() && !this.active)) .then(_ => { !window.anchorReady? this.visible() : ''; window.anchorReady = true; }); if (document.getElementById('landing')) { setTimeout(() => { !window.anchorReady ? this.visible() : ''; window.anchorReady = true; }, 1 * 30000); }; } connect() { this.onShowAnchor(); document.addEventListener(\"scroll\", this.boundOnShowAnchor); } disconnect() { document.removeEventListener(\"scroll\", this.boundOnShowAnchor); } visible() { if (document.getElementById('av-offerwall__wrapper')) { setTimeout(() => this.visible(), 20000); return; } if (document.getElementById('av-fixed__bottomWrapper') && document.getElementById('av-fixed__bottomWrapper').style.display !== 'none' && document.getElementById('av-fixed__bottomWrapper').getBoundingClientRect().height > 100) { setTimeout(() => this.visible(), 1000); return; } if (document.getElementById('av-fixed__bottomWrapper') && document.getElementById('av-fixed__bottomWrapper').style.display !== 'none' && document.getElementById('av-fixed__bottomWrapper').getBoundingClientRect().height > 10) { this.getAnchorElement().style.marginBottom = '60px'; } if (document.querySelector('[data-anchor-shown=\"true\"]') && document.querySelector('[data-anchor-shown=\"true\"]').style.bottom === '0px') { setTimeout(() => this.visible(), 1000); return; } if (!window.km2AnchorReady) { this.active = true; \/*this.getAnchorElement().style.animation = \"none\"; this.getAnchorElement().classList.remove('animate-show-down');*\/ \/*this.getAnchorElement().classList.add('animate-show-up');*\/ \/*setTimeout(() => {*\/ \/*this.getAnchorElement().style.animation = \"\";*\/ this.getAnchorElement().classList.add('animate-show-up'); this.getAnchorElement().classList.remove('hidden'); this.setAnchorViews(this.anchorViews+1); setTimeout(() => this.closeAnchor(), 20000); waitFor(_ => (document.getElementById('av-fixed__bottomWrapper') && document.getElementById('av-fixed__bottomWrapper').style.display !== 'none' && document.getElementById('av-fixed__bottomWrapper').getBoundingClientRect().height > 10 && this.getAnchorElement().style.marginBottom !== '60px')) .then(_ => { this.closeAnchor(); }); this.active = false; \/*}, 10);*\/ } } invisible() { this.active = true; this.getAnchorElement().style.animation = \"none\"; this.getAnchorElement().classList.remove('animate-show-up'); this.getAnchorElement().classList.add('animate-show-down'); setTimeout(() => { this.getAnchorElement().style.animation = \"\"; setTimeout(() => { this.getAnchorElement().classList.add('hidden'); this.active = false; }, 800); }, 10); } onShowAnchor() { let anchorReady = false;  \/*if (!this.active && !anchorReady) { if (this.getAnchorViews() <= 3) { if (window.scrollY > this.getHeightBlock()) { if (!this.passed && !this.closed) { this.visible(); this.passed = true; } } else { if (this.passed) { this.invisible(); this.passed = false; } } } else { if (!this.getAnchorElement().classList.contains('close')) { this.getAnchorElement().classList.add('close'); if (window.scrollY < this.getHeightBlock()) { this.invisible(); } } } }*\/ } closeAnchor() { if (this.closed) return; this.invisible(); this.getAnchorElement().classList.add('close'); this.closed = true; } getAnchorElement() { return this.lazyBlockAnchorTargets[0]; } getAnchorViews() { this.anchorViews = parseInt(sessionStorage.getItem(\"anchorViews\")) >= 1 ? parseInt(sessionStorage.getItem(\"anchorViews\")) : 0; return this.anchorViews; } setAnchorViews(views) { sessionStorage.setItem(\"anchorViews\", views); } getHeightBlock() { return this.lazyBlockTarget.offsetTop + this.lazyBlockTarget.offsetHeight - 110; } }) <\/script>  <div data-anchor-target=\"lazyBlockAnchor\" class=\"fixed w-full sm:w-96 px-3 py-2 bottom-0 left-0 hidden\" style=\"z-index: 999999;\" name=\"lazyBlockAnchor\">\n    <div class=\"grid justify-items-stretch\">        \n              <div class=\"relative justify-self-end top-4 -right-2\">\n          <button data-no-translation class=\"bg-white text-md font-medium text-center rounded-full h-7 w-7 border-2\" data-analytics-label=\"anchorCloseAnchor\" data-action=\"anchor#closeAnchor\" style=\"z-index: 999999;\">\n            X\n          <\/button>\n        <\/div>\n        <div class=\"w-full justify-self-start flex flex-col h-32 bg-white border-solid border-2 shadow-md rounded-md\">\n          <div class=\"mx-2 h-1\/2\">\n            <p class=\"px-5 text-center pt-4 text-sm\">\n              Kaufland Alemania est\u00e1 contratando            <\/p>\n          <\/div>\n          <div class=\"mx-2 mt-1 bottom-0 h-1\/2\">\n            <a class=\"w-full m-auto\" href=\"https:\/\/thejobsdigger.com\/es\/kaufland-is-hiring\/\"  data-analytics-label=\"anchorButton\" data-action=\"analytics#trackCTA\" >\n              <button class=\"flex m-auto border-0 py-2 px-6 focus:outline-none rounded text-center text-sm\">\n                Continuar leyendo              <\/button>\n            <\/a>\n            <p class=\"text-gray-500 text-center mt-1\" style=\"font-size: 0.50rem;\">\n              Permanecer\u00e1s en el mismo sitio  \n            <\/p>\n          <\/div>\n        <\/div>\n          <\/div>\n  <\/div>\n  <\/section>\n\n<\/div>","protected":false},"excerpt":{"rendered":"<p>\u00bfBuscas trabajo en Alemania? Consulta las vacantes de ALDI y \u00fanete a uno de los mejores empleadores del sector minorista europeo.<\/p>","protected":false},"author":14,"featured_media":1392,"comment_status":"open","ping_status":"open","sticky":false,"template":"","format":"standard","meta":{"footnotes":""},"categories":[7],"tags":[],"yoast_head":"<!-- This site is optimized with the Yoast SEO Premium plugin v18.7 (Yoast SEO v19.1) - https:\/\/yoast.com\/wordpress\/plugins\/seo\/ -->\n<title>Jobs at ALDI Germany: How to Secure Your Place in One of the Largest Retail Chains in Europe - The Jobs Digger<\/title>\n<meta name=\"description\" content=\"Explore ALDI Germany jobs and build a solid career with one of Europe\u2019s largest and most respected retail chains.\" \/>\n<meta name=\"robots\" content=\"index, follow, max-snippet:-1, max-image-preview:large, max-video-preview:-1\" \/>\n<link rel=\"canonical\" href=\"https:\/\/thejobsdigger.com\/es\/aldi-germany-jobs\/\" \/>\n<meta property=\"og:locale\" content=\"es_MX\" \/>\n<meta property=\"og:type\" content=\"article\" \/>\n<meta property=\"og:title\" content=\"Jobs at ALDI Germany: How to Secure Your Place in One of the Largest Retail Chains in Europe\" \/>\n<meta property=\"og:description\" content=\"Explore ALDI Germany jobs and build a solid career with one of Europe\u2019s largest and most respected retail chains.\" \/>\n<meta property=\"og:url\" content=\"https:\/\/thejobsdigger.com\/es\/aldi-germany-jobs\/\" \/>\n<meta property=\"og:site_name\" content=\"The Jobs Digger\" \/>\n<meta property=\"article:published_time\" content=\"2025-09-17T17:06:45+00:00\" \/>\n<meta property=\"article:modified_time\" content=\"2025-09-17T17:06:49+00:00\" \/>\n<meta property=\"og:image\" content=\"https:\/\/thejobsdigger.com\/wp-content\/uploads\/2025\/09\/aldi_cms_corpsustainability.jpg\" \/>\n\t<meta property=\"og:image:width\" content=\"385\" \/>\n\t<meta property=\"og:image:height\" content=\"247\" \/>\n\t<meta property=\"og:image:type\" content=\"image\/jpeg\" \/>\n<meta name=\"twitter:card\" content=\"summary_large_image\" \/>\n<meta name=\"twitter:label1\" content=\"Written by\" \/>\n\t<meta name=\"twitter:data1\" content=\"Rafaela Gregorio\" \/>\n\t<meta name=\"twitter:label2\" content=\"Est. reading time\" \/>\n\t<meta name=\"twitter:data2\" content=\"8 minutos\" \/>\n<script type=\"application\/ld+json\" class=\"yoast-schema-graph\">{\"@context\":\"https:\/\/schema.org\",\"@graph\":[{\"@type\":\"WebSite\",\"@id\":\"https:\/\/thejobsdigger.com\/#website\",\"url\":\"https:\/\/thejobsdigger.com\/\",\"name\":\"The Jobs Digger\",\"description\":\"\",\"potentialAction\":[{\"@type\":\"SearchAction\",\"target\":{\"@type\":\"EntryPoint\",\"urlTemplate\":\"https:\/\/thejobsdigger.com\/?s={search_term_string}\"},\"query-input\":\"required name=search_term_string\"}],\"inLanguage\":\"es-MX\"},{\"@type\":\"ImageObject\",\"inLanguage\":\"es-MX\",\"@id\":\"https:\/\/thejobsdigger.com\/aldi-germany-jobs\/#primaryimage\",\"url\":\"https:\/\/thejobsdigger.com\/wp-content\/uploads\/2025\/09\/aldi_cms_corpsustainability.jpg\",\"contentUrl\":\"https:\/\/thejobsdigger.com\/wp-content\/uploads\/2025\/09\/aldi_cms_corpsustainability.jpg\",\"width\":385,\"height\":247},{\"@type\":\"WebPage\",\"@id\":\"https:\/\/thejobsdigger.com\/aldi-germany-jobs\/#webpage\",\"url\":\"https:\/\/thejobsdigger.com\/aldi-germany-jobs\/\",\"name\":\"Jobs at ALDI Germany: How to Secure Your Place in One of the Largest Retail Chains in Europe - The Jobs Digger\",\"isPartOf\":{\"@id\":\"https:\/\/thejobsdigger.com\/#website\"},\"primaryImageOfPage\":{\"@id\":\"https:\/\/thejobsdigger.com\/aldi-germany-jobs\/#primaryimage\"},\"datePublished\":\"2025-09-17T17:06:45+00:00\",\"dateModified\":\"2025-09-17T17:06:49+00:00\",\"author\":{\"@id\":\"https:\/\/thejobsdigger.com\/#\/schema\/person\/9bf2af05b16ba585cc3921d3eb1ae8cc\"},\"description\":\"Explore ALDI Germany jobs and build a solid career with one of Europe\u2019s largest and most respected retail chains.\",\"breadcrumb\":{\"@id\":\"https:\/\/thejobsdigger.com\/aldi-germany-jobs\/#breadcrumb\"},\"inLanguage\":\"es-MX\",\"potentialAction\":[{\"@type\":\"ReadAction\",\"target\":[\"https:\/\/thejobsdigger.com\/aldi-germany-jobs\/\"]}]},{\"@type\":\"BreadcrumbList\",\"@id\":\"https:\/\/thejobsdigger.com\/aldi-germany-jobs\/#breadcrumb\",\"itemListElement\":[{\"@type\":\"ListItem\",\"position\":1,\"name\":\"Home\",\"item\":\"https:\/\/thejobsdigger.com\/\"},{\"@type\":\"ListItem\",\"position\":2,\"name\":\"Jobs at ALDI Germany: How to Secure Your Place in One of the Largest Retail Chains in Europe\"}]},{\"@type\":\"Person\",\"@id\":\"https:\/\/thejobsdigger.com\/#\/schema\/person\/9bf2af05b16ba585cc3921d3eb1ae8cc\",\"name\":\"Rafaela Gregorio\",\"image\":{\"@type\":\"ImageObject\",\"inLanguage\":\"es-MX\",\"@id\":\"https:\/\/thejobsdigger.com\/#\/schema\/person\/image\/\",\"url\":\"https:\/\/secure.gravatar.com\/avatar\/896114155b61e0c2f10a07a5dea38c84?s=96&d=mm&r=g\",\"contentUrl\":\"https:\/\/secure.gravatar.com\/avatar\/896114155b61e0c2f10a07a5dea38c84?s=96&d=mm&r=g\",\"caption\":\"Rafaela Gregorio\"},\"url\":\"https:\/\/thejobsdigger.com\/es\/author\/rafaela-gregorio\/\"}]}<\/script>\n<!-- \/ Yoast SEO Premium plugin. -->","yoast_head_json":{"title":"Jobs at ALDI Germany: How to Secure Your Place in One of the Largest Retail Chains in Europe - The Jobs Digger","description":"Explore ALDI Germany jobs and build a solid career with one of Europe\u2019s largest and most respected retail chains.","robots":{"index":"index","follow":"follow","max-snippet":"max-snippet:-1","max-image-preview":"max-image-preview:large","max-video-preview":"max-video-preview:-1"},"canonical":"https:\/\/thejobsdigger.com\/es\/aldi-germany-jobs\/","og_locale":"es_MX","og_type":"article","og_title":"Jobs at ALDI Germany: How to Secure Your Place in One of the Largest Retail Chains in Europe","og_description":"Explore ALDI Germany jobs and build a solid career with one of Europe\u2019s largest and most respected retail chains.","og_url":"https:\/\/thejobsdigger.com\/es\/aldi-germany-jobs\/","og_site_name":"The Jobs Digger","article_published_time":"2025-09-17T17:06:45+00:00","article_modified_time":"2025-09-17T17:06:49+00:00","og_image":[{"width":385,"height":247,"url":"https:\/\/thejobsdigger.com\/wp-content\/uploads\/2025\/09\/aldi_cms_corpsustainability.jpg","type":"image\/jpeg"}],"twitter_card":"summary_large_image","twitter_misc":{"Written by":"Rafaela Gregorio","Est. reading time":"8 minutos"},"schema":{"@context":"https:\/\/schema.org","@graph":[{"@type":"WebSite","@id":"https:\/\/thejobsdigger.com\/#website","url":"https:\/\/thejobsdigger.com\/","name":"The Jobs Digger","description":"","potentialAction":[{"@type":"SearchAction","target":{"@type":"EntryPoint","urlTemplate":"https:\/\/thejobsdigger.com\/?s={search_term_string}"},"query-input":"required name=search_term_string"}],"inLanguage":"es-MX"},{"@type":"ImageObject","inLanguage":"es-MX","@id":"https:\/\/thejobsdigger.com\/aldi-germany-jobs\/#primaryimage","url":"https:\/\/thejobsdigger.com\/wp-content\/uploads\/2025\/09\/aldi_cms_corpsustainability.jpg","contentUrl":"https:\/\/thejobsdigger.com\/wp-content\/uploads\/2025\/09\/aldi_cms_corpsustainability.jpg","width":385,"height":247},{"@type":"WebPage","@id":"https:\/\/thejobsdigger.com\/aldi-germany-jobs\/#webpage","url":"https:\/\/thejobsdigger.com\/aldi-germany-jobs\/","name":"Jobs at ALDI Germany: How to Secure Your Place in One of the Largest Retail Chains in Europe - The Jobs Digger","isPartOf":{"@id":"https:\/\/thejobsdigger.com\/#website"},"primaryImageOfPage":{"@id":"https:\/\/thejobsdigger.com\/aldi-germany-jobs\/#primaryimage"},"datePublished":"2025-09-17T17:06:45+00:00","dateModified":"2025-09-17T17:06:49+00:00","author":{"@id":"https:\/\/thejobsdigger.com\/#\/schema\/person\/9bf2af05b16ba585cc3921d3eb1ae8cc"},"description":"Explore ALDI Germany jobs and build a solid career with one of Europe\u2019s largest and most respected retail chains.","breadcrumb":{"@id":"https:\/\/thejobsdigger.com\/aldi-germany-jobs\/#breadcrumb"},"inLanguage":"es-MX","potentialAction":[{"@type":"ReadAction","target":["https:\/\/thejobsdigger.com\/aldi-germany-jobs\/"]}]},{"@type":"BreadcrumbList","@id":"https:\/\/thejobsdigger.com\/aldi-germany-jobs\/#breadcrumb","itemListElement":[{"@type":"ListItem","position":1,"name":"Home","item":"https:\/\/thejobsdigger.com\/"},{"@type":"ListItem","position":2,"name":"Jobs at ALDI Germany: How to Secure Your Place in One of the Largest Retail Chains in Europe"}]},{"@type":"Person","@id":"https:\/\/thejobsdigger.com\/#\/schema\/person\/9bf2af05b16ba585cc3921d3eb1ae8cc","name":"Rafaela Gregorio","image":{"@type":"ImageObject","inLanguage":"es-MX","@id":"https:\/\/thejobsdigger.com\/#\/schema\/person\/image\/","url":"https:\/\/secure.gravatar.com\/avatar\/896114155b61e0c2f10a07a5dea38c84?s=96&d=mm&r=g","contentUrl":"https:\/\/secure.gravatar.com\/avatar\/896114155b61e0c2f10a07a5dea38c84?s=96&d=mm&r=g","caption":"Rafaela Gregorio"},"url":"https:\/\/thejobsdigger.com\/es\/author\/rafaela-gregorio\/"}]}},"_links":{"self":[{"href":"https:\/\/thejobsdigger.com\/es\/wp-json\/wp\/v2\/posts\/1390"}],"collection":[{"href":"https:\/\/thejobsdigger.com\/es\/wp-json\/wp\/v2\/posts"}],"about":[{"href":"https:\/\/thejobsdigger.com\/es\/wp-json\/wp\/v2\/types\/post"}],"author":[{"embeddable":true,"href":"https:\/\/thejobsdigger.com\/es\/wp-json\/wp\/v2\/users\/14"}],"replies":[{"embeddable":true,"href":"https:\/\/thejobsdigger.com\/es\/wp-json\/wp\/v2\/comments?post=1390"}],"version-history":[{"count":0,"href":"https:\/\/thejobsdigger.com\/es\/wp-json\/wp\/v2\/posts\/1390\/revisions"}],"wp:featuredmedia":[{"embeddable":true,"href":"https:\/\/thejobsdigger.com\/es\/wp-json\/wp\/v2\/media\/1392"}],"wp:attachment":[{"href":"https:\/\/thejobsdigger.com\/es\/wp-json\/wp\/v2\/media?parent=1390"}],"wp:term":[{"taxonomy":"category","embeddable":true,"href":"https:\/\/thejobsdigger.com\/es\/wp-json\/wp\/v2\/categories?post=1390"},{"taxonomy":"post_tag","embeddable":true,"href":"https:\/\/thejobsdigger.com\/es\/wp-json\/wp\/v2\/tags?post=1390"}],"curies":[{"name":"wp","href":"https:\/\/api.w.org\/{rel}","templated":true}]}}